{"id":13,"count":12,"description":"CONCEPTS EN M\u00c9DECINE NARRATIVE ET SUR LA NARRATIVIT\u00c9 DANS LE SOIN\r\n\r\nRita Charon. Exp\u00e9rience, r\u00e9cit et soin. Les fondements sociaux et conceptuels de la m\u00e9decine narrative \r\n\r\nIsabel Fernandes &amp; Maria de Jesus Cabral. \u201cThe Great Human Moment\u201d: Narrative Medicine and the Ground of Language \r\n\r\nAlexandre Wenger. Litt\u00e9rature, \u00e9criture, m\u00e9decine \r\n\r\nAlain Kerlan. Exp\u00e9rience et narration \r\n\r\n\r\n\r\nRETOURS D'EXP\u00c9RIENCE EN M\u00c9DECINE NARRATIVE\r\n\r\nCl\u00e9ment Bonhomme. L\u2019Art du devenir, ou une exp\u00e9rience de m\u00e9decine narrative \r\n\r\nV\u00e9ronique Lefebvre des No\u00ebttes. Retours d\u2019exp\u00e9riences et m\u00e9decine narrative : \u00e9couter pour mieux soigner \r\n\r\nChristian Delorenzo, Jean-Marc Baleyte. Une exp\u00e9rience de syst\u00e8me : la M\u00e9decine narrative au Centre Hospitalier Intercommunal de Cr\u00e9teil \r\n\r\nSol\u00e8ne Blanchin, B\u00e9atrice Lognos &amp; Marie-Catherine Reboul. Cr\u00e9ation et exp\u00e9rimentation d\u2019un enseignement de m\u00e9decine narrative aupr\u00e8s d\u2019\u00e9tudiants en 4e ann\u00e9e de m\u00e9decine \u00e0 Montpellier\r\n\r\n\r\n\r\nCR\u00c9ATION EN M\u00c9DECINE NARRATIVE\r\nPatrick Autr\u00e9aux. Une \u00e9cole buissonni\u00e8re \r\n\r\nArnaud Th\u00e9val. Le d\u00e9rangement des mots, du carnet de notes au dispositif artistique","link":"https:\/\/medecine-philosophie.com\/index.php\/category\/medecine-narrative\/","name":"M\u00e9decine Narrative (5\u20136) \u2013\u00a02021","slug":"medecine-narrative","taxonomy":"category","parent":0,"meta":[],"acf":[],"yoast_head":"<!-- This site is optimized with the Yoast SEO plugin v15.9.2 - https:\/\/yoast.com\/wordpress\/plugins\/seo\/ -->\n<title>M\u00e9decine Narrative (5\u20136) \u2013\u00a02021 Archives - Revue M\u00e9decine et Philosophie<\/title>\n<meta name=\"robots\" content=\"index, follow, max-snippet:-1, max-image-preview:large, max-video-preview:-1\" \/>\n<link rel=\"canonical\" href=\"https:\/\/medecine-philosophie.com\/index.php\/category\/medecine-narrative\/\" \/>\n<meta property=\"og:locale\" content=\"fr_FR\" \/>\n<meta property=\"og:type\" content=\"article\" \/>\n<meta property=\"og:title\" content=\"M\u00e9decine Narrative (5\u20136) \u2013\u00a02021 Archives - Revue M\u00e9decine et Philosophie\" \/>\n<meta property=\"og:description\" content=\"CONCEPTS EN M\u00c9DECINE NARRATIVE ET SUR LA NARRATIVIT\u00c9 DANS LE SOIN Rita Charon. Exp\u00e9rience, r\u00e9cit et soin. Les fondements sociaux et conceptuels de la m\u00e9decine narrative Isabel Fernandes &amp; Maria de Jesus Cabral. \u201cThe Great Human Moment\u201d: Narrative Medicine and the Ground of Language Alexandre Wenger. Litt\u00e9rature, \u00e9criture, m\u00e9decine Alain Kerlan. Exp\u00e9rience et narration RETOURS D&rsquo;EXP\u00c9RIENCE EN M\u00c9DECINE NARRATIVE Cl\u00e9ment Bonhomme. L\u2019Art du devenir, ou une exp\u00e9rience de m\u00e9decine narrative V\u00e9ronique Lefebvre des No\u00ebttes. Retours d\u2019exp\u00e9riences et m\u00e9decine narrative : \u00e9couter pour mieux soigner Christian Delorenzo, Jean-Marc Baleyte. Une exp\u00e9rience de syst\u00e8me : la M\u00e9decine narrative au Centre Hospitalier Intercommunal de Cr\u00e9teil Sol\u00e8ne Blanchin, B\u00e9atrice Lognos &amp; Marie-Catherine Reboul. Cr\u00e9ation et exp\u00e9rimentation d\u2019un enseignement de m\u00e9decine narrative aupr\u00e8s d\u2019\u00e9tudiants en 4e ann\u00e9e de m\u00e9decine \u00e0 Montpellier CR\u00c9ATION EN M\u00c9DECINE NARRATIVE Patrick Autr\u00e9aux. Une \u00e9cole buissonni\u00e8re Arnaud Th\u00e9val. Le d\u00e9rangement des mots, du carnet de notes au dispositif artistique\" \/>\n<meta property=\"og:url\" content=\"https:\/\/medecine-philosophie.com\/index.php\/category\/medecine-narrative\/\" \/>\n<meta property=\"og:site_name\" content=\"Revue M\u00e9decine et Philosophie\" \/>\n<meta name=\"twitter:card\" content=\"summary_large_image\" \/>\n<script type=\"application\/ld+json\" class=\"yoast-schema-graph\">{\"@context\":\"https:\/\/schema.org\",\"@graph\":[{\"@type\":\"Organization\",\"@id\":\"https:\/\/medecine-philosophie.com\/#organization\",\"name\":\"Revue M\\u00e9decine et Philosophie\",\"url\":\"https:\/\/medecine-philosophie.com\/\",\"sameAs\":[\"https:\/\/www.facebook.com\/Revue-M\\u00e9decine-et-Philosophie-1057556234396943\/\"],\"logo\":{\"@type\":\"ImageObject\",\"@id\":\"https:\/\/medecine-philosophie.com\/#logo\",\"inLanguage\":\"fr-FR\",\"url\":\"https:\/\/medecine-philosophie.com\/wp-content\/uploads\/2018\/04\/Revue-de-m\\u00e9decine-et-philosophie-pdf.jpg\",\"caption\":\"Revue M\\u00e9decine et Philosophie\"},\"image\":{\"@id\":\"https:\/\/medecine-philosophie.com\/#logo\"}},{\"@type\":\"WebSite\",\"@id\":\"https:\/\/medecine-philosophie.com\/#website\",\"url\":\"https:\/\/medecine-philosophie.com\/\",\"name\":\"Revue M\\u00e9decine et Philosophie\",\"description\":\"Revue interdisciplinaire\",\"publisher\":{\"@id\":\"https:\/\/medecine-philosophie.com\/#organization\"},\"potentialAction\":[{\"@type\":\"SearchAction\",\"target\":\"https:\/\/medecine-philosophie.com\/?s={search_term_string}\",\"query-input\":\"required name=search_term_string\"}],\"inLanguage\":\"fr-FR\"},{\"@type\":\"CollectionPage\",\"@id\":\"https:\/\/medecine-philosophie.com\/index.php\/category\/medecine-narrative\/#webpage\",\"url\":\"https:\/\/medecine-philosophie.com\/index.php\/category\/medecine-narrative\/\",\"name\":\"M\\u00e9decine Narrative (5\\u20136) \\u2013\\u00a02021 Archives - Revue M\\u00e9decine et Philosophie\",\"isPartOf\":{\"@id\":\"https:\/\/medecine-philosophie.com\/#website\"},\"breadcrumb\":{\"@id\":\"https:\/\/medecine-philosophie.com\/index.php\/category\/medecine-narrative\/#breadcrumb\"},\"inLanguage\":\"fr-FR\",\"potentialAction\":[{\"@type\":\"ReadAction\",\"target\":[\"https:\/\/medecine-philosophie.com\/index.php\/category\/medecine-narrative\/\"]}]},{\"@type\":\"BreadcrumbList\",\"@id\":\"https:\/\/medecine-philosophie.com\/index.php\/category\/medecine-narrative\/#breadcrumb\",\"itemListElement\":[{\"@type\":\"ListItem\",\"position\":1,\"item\":{\"@type\":\"WebPage\",\"@id\":\"https:\/\/medecine-philosophie.com\/\",\"url\":\"https:\/\/medecine-philosophie.com\/\",\"name\":\"Accueil\"}},{\"@type\":\"ListItem\",\"position\":2,\"item\":{\"@type\":\"WebPage\",\"@id\":\"https:\/\/medecine-philosophie.com\/index.php\/category\/medecine-narrative\/\",\"url\":\"https:\/\/medecine-philosophie.com\/index.php\/category\/medecine-narrative\/\",\"name\":\"M\\u00e9decine Narrative (5\\u20136) \\u2013\\u00a02021\"}}]}]}<\/script>\n<!-- \/ Yoast SEO plugin. -->","_links":{"self":[{"href":"https:\/\/medecine-philosophie.com\/index.php\/wp-json\/wp\/v2\/categories\/13"}],"collection":[{"href":"https:\/\/medecine-philosophie.com\/index.php\/wp-json\/wp\/v2\/categories"}],"about":[{"href":"https:\/\/medecine-philosophie.com\/index.php\/wp-json\/wp\/v2\/taxonomies\/category"}],"wp:post_type":[{"href":"https:\/\/medecine-philosophie.com\/index.php\/wp-json\/wp\/v2\/posts?categories=13"}],"curies":[{"name":"wp","href":"https:\/\/api.w.org\/{rel}","templated":true}]}}