{"id":17,"count":7,"description":"Ce num\u00e9ro de la revue M\u00e9decine et Philosophie (2023) a pour objectif d\u2019explorer un concept profond\u00e9ment complexe, voire \u00e9pineux, mais \u00e9galement substantiel et puissant dans le domaine de la m\u00e9decine : la vuln\u00e9rabilit\u00e9. \r\n\r\nLa vuln\u00e9rabilit\u00e9, universelle et individuelle, caract\u00e9ristique intrins\u00e8que du vivant et produit de circonstances sp\u00e9cifiques, biologique autant que sociale ou politique, ne se pense en r\u00e9alit\u00e9 souvent qu\u2019au pluriel. Dans le domaine de la m\u00e9decine, il s\u2019agit d\u2019un concept qui a pu se rattacher historiquement \u00e0 la protection de certaines cat\u00e9gories de personnes consid\u00e9r\u00e9es comme \u00e9tant plus susceptibles que d'autres d'\u00eatre tromp\u00e9es, maltrait\u00e9es ou exploit\u00e9es dans le cadre de la recherche clinique. Cependant, son utilisation parfois paternaliste et stigmatisante dans ce contexte a \u00e9t\u00e9 vivement critiqu\u00e9e. \r\n\r\nIl devient alors possible et n\u00e9cessaire de repenser ce concept de fa\u00e7on simultan\u00e9ment plus globale, fine et consciente de sa grande puissance normative. Ainsi, il pourrait \u00eatre mobilis\u00e9 de fa\u00e7on pertinente en lien avec la m\u00e9decine pr\u00e9ventive, par exemple, qui s\u2019attache \u00e0 identifier, d\u00e9tecter et r\u00e9pondre \u00e0 certaines vuln\u00e9rabilit\u00e9s de fa\u00e7on universelle, s\u00e9lective ou indiqu\u00e9e. Plus largement, il met en lumi\u00e8re la complexit\u00e9 des enjeux de sant\u00e9 publique \u00e0 travers les d\u00e9terminants environnementaux et sociaux de la sant\u00e9. Par ailleurs, il est important de questionner en quoi le syst\u00e8me de sant\u00e9 peut lui-m\u00eame cr\u00e9er des vuln\u00e9rabilit\u00e9s. La vuln\u00e9rabilit\u00e9 pose \u00e9galement des questions absolument essentielles pour notre d\u00e9mocratie en sant\u00e9 o\u00f9 notre syst\u00e8me de soins se doit d\u2019entendre, d\u2019inclure et d\u2019accompagner chacun et chacune.","link":"https:\/\/medecine-philosophie.com\/index.php\/category\/vulnerabilite\/","name":"La vuln\u00e9rabilit\u00e9 dans le soin (10) \u2013\u00a02023","slug":"vulnerabilite","taxonomy":"category","parent":0,"meta":[],"acf":[],"yoast_head":"<!-- This site is optimized with the Yoast SEO plugin v15.9.2 - https:\/\/yoast.com\/wordpress\/plugins\/seo\/ -->\n<title>La vuln\u00e9rabilit\u00e9 dans le soin (10) \u2013\u00a02023 Archives - Revue M\u00e9decine et Philosophie<\/title>\n<meta name=\"robots\" content=\"index, follow, max-snippet:-1, max-image-preview:large, max-video-preview:-1\" \/>\n<link rel=\"canonical\" href=\"https:\/\/medecine-philosophie.com\/index.php\/category\/vulnerabilite\/\" \/>\n<meta property=\"og:locale\" content=\"fr_FR\" \/>\n<meta property=\"og:type\" content=\"article\" \/>\n<meta property=\"og:title\" content=\"La vuln\u00e9rabilit\u00e9 dans le soin (10) \u2013\u00a02023 Archives - Revue M\u00e9decine et Philosophie\" \/>\n<meta property=\"og:description\" content=\"Ce num\u00e9ro de la revue M\u00e9decine et Philosophie (2023) a pour objectif d\u2019explorer un concept profond\u00e9ment complexe, voire \u00e9pineux, mais \u00e9galement substantiel et puissant dans le domaine de la m\u00e9decine : la vuln\u00e9rabilit\u00e9. La vuln\u00e9rabilit\u00e9, universelle et individuelle, caract\u00e9ristique intrins\u00e8que du vivant et produit de circonstances sp\u00e9cifiques, biologique autant que sociale ou politique, ne se pense en r\u00e9alit\u00e9 souvent qu\u2019au pluriel. Dans le domaine de la m\u00e9decine, il s\u2019agit d\u2019un concept qui a pu se rattacher historiquement \u00e0 la protection de certaines cat\u00e9gories de personnes consid\u00e9r\u00e9es comme \u00e9tant plus susceptibles que d&rsquo;autres d&rsquo;\u00eatre tromp\u00e9es, maltrait\u00e9es ou exploit\u00e9es dans le cadre de la recherche clinique. Cependant, son utilisation parfois paternaliste et stigmatisante dans ce contexte a \u00e9t\u00e9 vivement critiqu\u00e9e. Il devient alors possible et n\u00e9cessaire de repenser ce concept de fa\u00e7on simultan\u00e9ment plus globale, fine et consciente de sa grande puissance normative. Ainsi, il pourrait \u00eatre mobilis\u00e9 de fa\u00e7on pertinente en lien avec la m\u00e9decine pr\u00e9ventive, par exemple, qui s\u2019attache \u00e0 identifier, d\u00e9tecter et r\u00e9pondre \u00e0 certaines vuln\u00e9rabilit\u00e9s de fa\u00e7on universelle, s\u00e9lective ou indiqu\u00e9e. Plus largement, il met en lumi\u00e8re la complexit\u00e9 des enjeux de sant\u00e9 publique \u00e0 travers les d\u00e9terminants environnementaux et sociaux de la sant\u00e9. Par ailleurs, il est important de questionner en quoi le syst\u00e8me de sant\u00e9 peut lui-m\u00eame cr\u00e9er des vuln\u00e9rabilit\u00e9s. La vuln\u00e9rabilit\u00e9 pose \u00e9galement des questions absolument essentielles pour notre d\u00e9mocratie en sant\u00e9 o\u00f9 notre syst\u00e8me de soins se doit d\u2019entendre, d\u2019inclure et d\u2019accompagner chacun et chacune.\" \/>\n<meta property=\"og:url\" content=\"https:\/\/medecine-philosophie.com\/index.php\/category\/vulnerabilite\/\" \/>\n<meta property=\"og:site_name\" content=\"Revue M\u00e9decine et Philosophie\" \/>\n<meta name=\"twitter:card\" content=\"summary_large_image\" \/>\n<script type=\"application\/ld+json\" class=\"yoast-schema-graph\">{\"@context\":\"https:\/\/schema.org\",\"@graph\":[{\"@type\":\"Organization\",\"@id\":\"https:\/\/medecine-philosophie.com\/#organization\",\"name\":\"Revue M\\u00e9decine et Philosophie\",\"url\":\"https:\/\/medecine-philosophie.com\/\",\"sameAs\":[\"https:\/\/www.facebook.com\/Revue-M\\u00e9decine-et-Philosophie-1057556234396943\/\"],\"logo\":{\"@type\":\"ImageObject\",\"@id\":\"https:\/\/medecine-philosophie.com\/#logo\",\"inLanguage\":\"fr-FR\",\"url\":\"https:\/\/medecine-philosophie.com\/wp-content\/uploads\/2018\/04\/Revue-de-m\\u00e9decine-et-philosophie-pdf.jpg\",\"caption\":\"Revue M\\u00e9decine et Philosophie\"},\"image\":{\"@id\":\"https:\/\/medecine-philosophie.com\/#logo\"}},{\"@type\":\"WebSite\",\"@id\":\"https:\/\/medecine-philosophie.com\/#website\",\"url\":\"https:\/\/medecine-philosophie.com\/\",\"name\":\"Revue M\\u00e9decine et Philosophie\",\"description\":\"Revue interdisciplinaire\",\"publisher\":{\"@id\":\"https:\/\/medecine-philosophie.com\/#organization\"},\"potentialAction\":[{\"@type\":\"SearchAction\",\"target\":\"https:\/\/medecine-philosophie.com\/?s={search_term_string}\",\"query-input\":\"required name=search_term_string\"}],\"inLanguage\":\"fr-FR\"},{\"@type\":\"CollectionPage\",\"@id\":\"https:\/\/medecine-philosophie.com\/index.php\/category\/vulnerabilite\/#webpage\",\"url\":\"https:\/\/medecine-philosophie.com\/index.php\/category\/vulnerabilite\/\",\"name\":\"La vuln\\u00e9rabilit\\u00e9 dans le soin (10) \\u2013\\u00a02023 Archives - Revue M\\u00e9decine et Philosophie\",\"isPartOf\":{\"@id\":\"https:\/\/medecine-philosophie.com\/#website\"},\"breadcrumb\":{\"@id\":\"https:\/\/medecine-philosophie.com\/index.php\/category\/vulnerabilite\/#breadcrumb\"},\"inLanguage\":\"fr-FR\",\"potentialAction\":[{\"@type\":\"ReadAction\",\"target\":[\"https:\/\/medecine-philosophie.com\/index.php\/category\/vulnerabilite\/\"]}]},{\"@type\":\"BreadcrumbList\",\"@id\":\"https:\/\/medecine-philosophie.com\/index.php\/category\/vulnerabilite\/#breadcrumb\",\"itemListElement\":[{\"@type\":\"ListItem\",\"position\":1,\"item\":{\"@type\":\"WebPage\",\"@id\":\"https:\/\/medecine-philosophie.com\/\",\"url\":\"https:\/\/medecine-philosophie.com\/\",\"name\":\"Accueil\"}},{\"@type\":\"ListItem\",\"position\":2,\"item\":{\"@type\":\"WebPage\",\"@id\":\"https:\/\/medecine-philosophie.com\/index.php\/category\/vulnerabilite\/\",\"url\":\"https:\/\/medecine-philosophie.com\/index.php\/category\/vulnerabilite\/\",\"name\":\"La vuln\\u00e9rabilit\\u00e9 dans le soin (10) \\u2013\\u00a02023\"}}]}]}<\/script>\n<!-- \/ Yoast SEO plugin. -->","_links":{"self":[{"href":"https:\/\/medecine-philosophie.com\/index.php\/wp-json\/wp\/v2\/categories\/17"}],"collection":[{"href":"https:\/\/medecine-philosophie.com\/index.php\/wp-json\/wp\/v2\/categories"}],"about":[{"href":"https:\/\/medecine-philosophie.com\/index.php\/wp-json\/wp\/v2\/taxonomies\/category"}],"wp:post_type":[{"href":"https:\/\/medecine-philosophie.com\/index.php\/wp-json\/wp\/v2\/posts?categories=17"}],"curies":[{"name":"wp","href":"https:\/\/api.w.org\/{rel}","templated":true}]}}