{"id":19,"count":1,"description":"Ce num\u00e9ro se consacre \u00e0 une exploration des in\u00e9galit\u00e9s sociales et de la justice sociale. Ces in\u00e9galit\u00e9s, observ\u00e9es entre diff\u00e9rents groupes sociaux, r\u00e9sultent de d\u00e9terminants tels que le genre, le revenu, la scolarit\u00e9 et les politiques sociales. Cependant, la d\u00e9clinaison et les interactions entre ces d\u00e9terminants peut \u00eatre largement enrichie par les regards crois\u00e9s des sciences humaines.\r\nDe fait, ce num\u00e9ro cherche \u00e0 analyser comment ces d\u00e9terminants sociaux cr\u00e9ent des disparit\u00e9s dans l\u2019acc\u00e8s aux services, la qualit\u00e9 de vie et la sant\u00e9, et comment le travail social et les approches communautaires peuvent servir de levier pour examiner, sous des perspectives psychologiques et sociologiques, les dynamiques de coh\u00e9sion et de justice sociales. Les contributions pourraient \u00e9galement traiter des impacts conceptuels ou humains des avanc\u00e9es technologiques et des d\u00e9fis migratoires, offrant ainsi une r\u00e9flexion multidimensionnelle sur les moyens de promouvoir une soci\u00e9t\u00e9 plus \u00e9quitable et inclusive.","link":"https:\/\/medecine-philosophie.com\/index.php\/category\/inegalites-et-justice-sociale-1-2-2024-2025\/","name":"In\u00e9galit\u00e9s et justice sociale (1\/2) \u2013\u00a02024\/2025","slug":"inegalites-et-justice-sociale-1-2-2024-2025","taxonomy":"category","parent":0,"meta":[],"acf":[],"yoast_head":"<!-- This site is optimized with the Yoast SEO plugin v15.9.2 - https:\/\/yoast.com\/wordpress\/plugins\/seo\/ -->\n<title>In\u00e9galit\u00e9s et justice sociale (1\/2) \u2013\u00a02024\/2025 Archives - Revue M\u00e9decine et Philosophie<\/title>\n<meta name=\"robots\" content=\"index, follow, max-snippet:-1, max-image-preview:large, max-video-preview:-1\" \/>\n<link rel=\"canonical\" href=\"https:\/\/medecine-philosophie.com\/index.php\/category\/inegalites-et-justice-sociale-1-2-2024-2025\/\" \/>\n<meta property=\"og:locale\" content=\"fr_FR\" \/>\n<meta property=\"og:type\" content=\"article\" \/>\n<meta property=\"og:title\" content=\"In\u00e9galit\u00e9s et justice sociale (1\/2) \u2013\u00a02024\/2025 Archives - Revue M\u00e9decine et Philosophie\" \/>\n<meta property=\"og:description\" content=\"Ce num\u00e9ro se consacre \u00e0 une exploration des in\u00e9galit\u00e9s sociales et de la justice sociale. Ces in\u00e9galit\u00e9s, observ\u00e9es entre diff\u00e9rents groupes sociaux, r\u00e9sultent de d\u00e9terminants tels que le genre, le revenu, la scolarit\u00e9 et les politiques sociales. Cependant, la d\u00e9clinaison et les interactions entre ces d\u00e9terminants peut \u00eatre largement enrichie par les regards crois\u00e9s des sciences humaines. De fait, ce num\u00e9ro cherche \u00e0 analyser comment ces d\u00e9terminants sociaux cr\u00e9ent des disparit\u00e9s dans l\u2019acc\u00e8s aux services, la qualit\u00e9 de vie et la sant\u00e9, et comment le travail social et les approches communautaires peuvent servir de levier pour examiner, sous des perspectives psychologiques et sociologiques, les dynamiques de coh\u00e9sion et de justice sociales. Les contributions pourraient \u00e9galement traiter des impacts conceptuels ou humains des avanc\u00e9es technologiques et des d\u00e9fis migratoires, offrant ainsi une r\u00e9flexion multidimensionnelle sur les moyens de promouvoir une soci\u00e9t\u00e9 plus \u00e9quitable et inclusive.\" \/>\n<meta property=\"og:url\" content=\"https:\/\/medecine-philosophie.com\/index.php\/category\/inegalites-et-justice-sociale-1-2-2024-2025\/\" \/>\n<meta property=\"og:site_name\" content=\"Revue M\u00e9decine et Philosophie\" \/>\n<meta name=\"twitter:card\" content=\"summary_large_image\" \/>\n<script type=\"application\/ld+json\" class=\"yoast-schema-graph\">{\"@context\":\"https:\/\/schema.org\",\"@graph\":[{\"@type\":\"Organization\",\"@id\":\"https:\/\/medecine-philosophie.com\/#organization\",\"name\":\"Revue M\\u00e9decine et Philosophie\",\"url\":\"https:\/\/medecine-philosophie.com\/\",\"sameAs\":[\"https:\/\/www.facebook.com\/Revue-M\\u00e9decine-et-Philosophie-1057556234396943\/\"],\"logo\":{\"@type\":\"ImageObject\",\"@id\":\"https:\/\/medecine-philosophie.com\/#logo\",\"inLanguage\":\"fr-FR\",\"url\":\"https:\/\/medecine-philosophie.com\/wp-content\/uploads\/2018\/04\/Revue-de-m\\u00e9decine-et-philosophie-pdf.jpg\",\"caption\":\"Revue M\\u00e9decine et Philosophie\"},\"image\":{\"@id\":\"https:\/\/medecine-philosophie.com\/#logo\"}},{\"@type\":\"WebSite\",\"@id\":\"https:\/\/medecine-philosophie.com\/#website\",\"url\":\"https:\/\/medecine-philosophie.com\/\",\"name\":\"Revue M\\u00e9decine et Philosophie\",\"description\":\"Revue interdisciplinaire\",\"publisher\":{\"@id\":\"https:\/\/medecine-philosophie.com\/#organization\"},\"potentialAction\":[{\"@type\":\"SearchAction\",\"target\":\"https:\/\/medecine-philosophie.com\/?s={search_term_string}\",\"query-input\":\"required name=search_term_string\"}],\"inLanguage\":\"fr-FR\"},{\"@type\":\"CollectionPage\",\"@id\":\"https:\/\/medecine-philosophie.com\/index.php\/category\/inegalites-et-justice-sociale-1-2-2024-2025\/#webpage\",\"url\":\"https:\/\/medecine-philosophie.com\/index.php\/category\/inegalites-et-justice-sociale-1-2-2024-2025\/\",\"name\":\"In\\u00e9galit\\u00e9s et justice sociale (1\/2) \\u2013\\u00a02024\/2025 Archives - Revue M\\u00e9decine et Philosophie\",\"isPartOf\":{\"@id\":\"https:\/\/medecine-philosophie.com\/#website\"},\"breadcrumb\":{\"@id\":\"https:\/\/medecine-philosophie.com\/index.php\/category\/inegalites-et-justice-sociale-1-2-2024-2025\/#breadcrumb\"},\"inLanguage\":\"fr-FR\",\"potentialAction\":[{\"@type\":\"ReadAction\",\"target\":[\"https:\/\/medecine-philosophie.com\/index.php\/category\/inegalites-et-justice-sociale-1-2-2024-2025\/\"]}]},{\"@type\":\"BreadcrumbList\",\"@id\":\"https:\/\/medecine-philosophie.com\/index.php\/category\/inegalites-et-justice-sociale-1-2-2024-2025\/#breadcrumb\",\"itemListElement\":[{\"@type\":\"ListItem\",\"position\":1,\"item\":{\"@type\":\"WebPage\",\"@id\":\"https:\/\/medecine-philosophie.com\/\",\"url\":\"https:\/\/medecine-philosophie.com\/\",\"name\":\"Accueil\"}},{\"@type\":\"ListItem\",\"position\":2,\"item\":{\"@type\":\"WebPage\",\"@id\":\"https:\/\/medecine-philosophie.com\/index.php\/category\/inegalites-et-justice-sociale-1-2-2024-2025\/\",\"url\":\"https:\/\/medecine-philosophie.com\/index.php\/category\/inegalites-et-justice-sociale-1-2-2024-2025\/\",\"name\":\"In\\u00e9galit\\u00e9s et justice sociale (1\/2) \\u2013\\u00a02024\/2025\"}}]}]}<\/script>\n<!-- \/ Yoast SEO plugin. -->","_links":{"self":[{"href":"https:\/\/medecine-philosophie.com\/index.php\/wp-json\/wp\/v2\/categories\/19"}],"collection":[{"href":"https:\/\/medecine-philosophie.com\/index.php\/wp-json\/wp\/v2\/categories"}],"about":[{"href":"https:\/\/medecine-philosophie.com\/index.php\/wp-json\/wp\/v2\/taxonomies\/category"}],"wp:post_type":[{"href":"https:\/\/medecine-philosophie.com\/index.php\/wp-json\/wp\/v2\/posts?categories=19"}],"curies":[{"name":"wp","href":"https:\/\/api.w.org\/{rel}","templated":true}]}}