{"id":1325,"date":"2022-07-19T22:33:15","date_gmt":"2022-07-19T20:33:15","guid":{"rendered":"https:\/\/medecine-philosophie.com\/?p=1325"},"modified":"2022-07-23T21:29:15","modified_gmt":"2022-07-23T19:29:15","slug":"la-valeur-des-donnees-genetiques-la-contribution-de-la-sante-publique-a-lidentification-des-perspectives-individuelles-et-aux-choix-collectifs","status":"publish","type":"post","link":"https:\/\/medecine-philosophie.com\/index.php\/2022\/07\/19\/la-valeur-des-donnees-genetiques-la-contribution-de-la-sante-publique-a-lidentification-des-perspectives-individuelles-et-aux-choix-collectifs\/","title":{"rendered":"La valeur des donn\u00e9es g\u00e9n\u00e9tiques : la contribution de la sant\u00e9 publique \u00e0 l\u2019identification des perspectives individuelles et aux choix collectifs"},"content":{"rendered":"\n<p><strong>Christine Binquet*, Catherine Lejeune**<\/strong><\/p>\n\n\n\n<p>* Professeure en Sant\u00e9 Publique \u00e0 l\u2019Universit\u00e9 de Bourgogne, Coordinatrice du CIC1432 du CHU Dijon-Bourgogne, labellis\u00e9 par l\u2019Inserm, membre de l\u2019\u00e9quipe EPICAD de l\u2019UMR Inserm 1231, et membre de la FHU,<\/p>\n\n\n\n<p>** Ma\u00eetre de conf\u00e9rences en \u00e9conomie de la sant\u00e9, \u00e0 l\u2019Universit\u00e9 de Bourgogne, Chercheuse associ\u00e9e au CIC1432 du CHU Dijon-Bourgogne, labellis\u00e9 par l\u2019Inserm, membre de l\u2019\u00e9quipe EPICAD de l\u2019UMR Inserm 1231, et membre de la FHU<\/p>\n\n\n\n<p><em>DOI : 10.51328\/220501<\/em><\/p>\n\n\n\n<div class=\"wp-block-file\">\n\t<a class=\"wp-block-file__button\" href=\"https:\/\/medecine-philosophie.com\/wp-content\/uploads\/2022\/07\/1_Binquet.pdf\" download=\"\">\n\t\tBinquet et Lejeune, 2022 (t\u00e9l\u00e9charger)\n\t<\/a>\n<\/div>\n<div class=\"wp-block-file\">\n\t<a class=\"wplightbox wp-block-file__button\" href=\"https:\/\/medecine-philosophie.com\/wp-content\/uploads\/2022\/07\/1_Binquet.pdf\" data-width=\"1200\" data-height=\"1200\">\n\t\tLire: Binquet et Lejeune, 2022\n\t<\/a>\n<\/div>\n\n\n\n<p> <\/p>\n\n\n\n<p><\/p>\n","protected":false},"excerpt":{"rendered":"<p>Christine Binquet*, Catherine Lejeune** * Professeure en Sant\u00e9 Publique \u00e0 l\u2019Universit\u00e9 de Bourgogne, Coordinatrice du CIC1432 du CHU Dijon-Bourgogne, labellis\u00e9 par l\u2019Inserm, membre de l\u2019\u00e9quipe EPICAD de l\u2019UMR Inserm 1231, et membre de la FHU, ** Ma\u00eetre de conf\u00e9rences en<\/p>\n","protected":false},"author":1,"featured_media":0,"comment_status":"closed","ping_status":"open","sticky":false,"template":"","format":"standard","meta":[],"categories":[14],"tags":[],"acf":[],"yoast_head":"<!-- This site is optimized with the Yoast SEO plugin v15.9.2 - https:\/\/yoast.com\/wordpress\/plugins\/seo\/ -->\n<title>La valeur des donn\u00e9es g\u00e9n\u00e9tiques : la contribution de la sant\u00e9 publique \u00e0 l\u2019identification des perspectives individuelles et aux choix collectifs - Revue M\u00e9decine et Philosophie<\/title>\n<meta name=\"robots\" content=\"index, follow, max-snippet:-1, max-image-preview:large, max-video-preview:-1\" \/>\n<link rel=\"canonical\" href=\"https:\/\/medecine-philosophie.com\/index.php\/2022\/07\/19\/la-valeur-des-donnees-genetiques-la-contribution-de-la-sante-publique-a-lidentification-des-perspectives-individuelles-et-aux-choix-collectifs\/\" \/>\n<meta property=\"og:locale\" content=\"fr_FR\" \/>\n<meta property=\"og:type\" content=\"article\" \/>\n<meta property=\"og:title\" content=\"La valeur des donn\u00e9es g\u00e9n\u00e9tiques : la contribution de la sant\u00e9 publique \u00e0 l\u2019identification des perspectives individuelles et aux choix collectifs - Revue M\u00e9decine et Philosophie\" \/>\n<meta property=\"og:description\" content=\"Christine Binquet*, Catherine Lejeune** * Professeure en Sant\u00e9 Publique \u00e0 l\u2019Universit\u00e9 de Bourgogne, Coordinatrice du CIC1432 du CHU Dijon-Bourgogne, labellis\u00e9 par l\u2019Inserm, membre de l\u2019\u00e9quipe EPICAD de l\u2019UMR Inserm 1231, et membre de la FHU, ** Ma\u00eetre de conf\u00e9rences en\" \/>\n<meta property=\"og:url\" content=\"https:\/\/medecine-philosophie.com\/index.php\/2022\/07\/19\/la-valeur-des-donnees-genetiques-la-contribution-de-la-sante-publique-a-lidentification-des-perspectives-individuelles-et-aux-choix-collectifs\/\" \/>\n<meta property=\"og:site_name\" content=\"Revue M\u00e9decine et Philosophie\" \/>\n<meta property=\"article:publisher\" content=\"https:\/\/www.facebook.com\/Revue-M%c3%a9decine-et-Philosophie-1057556234396943\/\" \/>\n<meta property=\"article:published_time\" content=\"2022-07-19T20:33:15+00:00\" \/>\n<meta property=\"article:modified_time\" content=\"2022-07-23T19:29:15+00:00\" \/>\n<meta name=\"twitter:card\" content=\"summary_large_image\" \/>\n<meta name=\"twitter:label1\" content=\"Dur\u00e9e de lecture est.\">\n\t<meta name=\"twitter:data1\" content=\"1 minute\">\n<script type=\"application\/ld+json\" class=\"yoast-schema-graph\">{\"@context\":\"https:\/\/schema.org\",\"@graph\":[{\"@type\":\"Organization\",\"@id\":\"https:\/\/medecine-philosophie.com\/#organization\",\"name\":\"Revue M\\u00e9decine et Philosophie\",\"url\":\"https:\/\/medecine-philosophie.com\/\",\"sameAs\":[\"https:\/\/www.facebook.com\/Revue-M\\u00e9decine-et-Philosophie-1057556234396943\/\"],\"logo\":{\"@type\":\"ImageObject\",\"@id\":\"https:\/\/medecine-philosophie.com\/#logo\",\"inLanguage\":\"fr-FR\",\"url\":\"https:\/\/medecine-philosophie.com\/wp-content\/uploads\/2018\/04\/Revue-de-m\\u00e9decine-et-philosophie-pdf.jpg\",\"caption\":\"Revue M\\u00e9decine et Philosophie\"},\"image\":{\"@id\":\"https:\/\/medecine-philosophie.com\/#logo\"}},{\"@type\":\"WebSite\",\"@id\":\"https:\/\/medecine-philosophie.com\/#website\",\"url\":\"https:\/\/medecine-philosophie.com\/\",\"name\":\"Revue M\\u00e9decine et Philosophie\",\"description\":\"Revue interdisciplinaire\",\"publisher\":{\"@id\":\"https:\/\/medecine-philosophie.com\/#organization\"},\"potentialAction\":[{\"@type\":\"SearchAction\",\"target\":\"https:\/\/medecine-philosophie.com\/?s={search_term_string}\",\"query-input\":\"required name=search_term_string\"}],\"inLanguage\":\"fr-FR\"},{\"@type\":\"WebPage\",\"@id\":\"https:\/\/medecine-philosophie.com\/index.php\/2022\/07\/19\/la-valeur-des-donnees-genetiques-la-contribution-de-la-sante-publique-a-lidentification-des-perspectives-individuelles-et-aux-choix-collectifs\/#webpage\",\"url\":\"https:\/\/medecine-philosophie.com\/index.php\/2022\/07\/19\/la-valeur-des-donnees-genetiques-la-contribution-de-la-sante-publique-a-lidentification-des-perspectives-individuelles-et-aux-choix-collectifs\/\",\"name\":\"La valeur des donn\\u00e9es g\\u00e9n\\u00e9tiques : la contribution de la sant\\u00e9 publique \\u00e0 l\\u2019identification des perspectives individuelles et aux choix collectifs - Revue M\\u00e9decine et Philosophie\",\"isPartOf\":{\"@id\":\"https:\/\/medecine-philosophie.com\/#website\"},\"datePublished\":\"2022-07-19T20:33:15+00:00\",\"dateModified\":\"2022-07-23T19:29:15+00:00\",\"breadcrumb\":{\"@id\":\"https:\/\/medecine-philosophie.com\/index.php\/2022\/07\/19\/la-valeur-des-donnees-genetiques-la-contribution-de-la-sante-publique-a-lidentification-des-perspectives-individuelles-et-aux-choix-collectifs\/#breadcrumb\"},\"inLanguage\":\"fr-FR\",\"potentialAction\":[{\"@type\":\"ReadAction\",\"target\":[\"https:\/\/medecine-philosophie.com\/index.php\/2022\/07\/19\/la-valeur-des-donnees-genetiques-la-contribution-de-la-sante-publique-a-lidentification-des-perspectives-individuelles-et-aux-choix-collectifs\/\"]}]},{\"@type\":\"BreadcrumbList\",\"@id\":\"https:\/\/medecine-philosophie.com\/index.php\/2022\/07\/19\/la-valeur-des-donnees-genetiques-la-contribution-de-la-sante-publique-a-lidentification-des-perspectives-individuelles-et-aux-choix-collectifs\/#breadcrumb\",\"itemListElement\":[{\"@type\":\"ListItem\",\"position\":1,\"item\":{\"@type\":\"WebPage\",\"@id\":\"https:\/\/medecine-philosophie.com\/\",\"url\":\"https:\/\/medecine-philosophie.com\/\",\"name\":\"Accueil\"}},{\"@type\":\"ListItem\",\"position\":2,\"item\":{\"@type\":\"WebPage\",\"@id\":\"https:\/\/medecine-philosophie.com\/index.php\/2022\/07\/19\/la-valeur-des-donnees-genetiques-la-contribution-de-la-sante-publique-a-lidentification-des-perspectives-individuelles-et-aux-choix-collectifs\/\",\"url\":\"https:\/\/medecine-philosophie.com\/index.php\/2022\/07\/19\/la-valeur-des-donnees-genetiques-la-contribution-de-la-sante-publique-a-lidentification-des-perspectives-individuelles-et-aux-choix-collectifs\/\",\"name\":\"La valeur des donn\\u00e9es g\\u00e9n\\u00e9tiques : la contribution de la sant\\u00e9 publique \\u00e0 l\\u2019identification des perspectives individuelles et aux choix collectifs\"}}]},{\"@type\":\"Article\",\"@id\":\"https:\/\/medecine-philosophie.com\/index.php\/2022\/07\/19\/la-valeur-des-donnees-genetiques-la-contribution-de-la-sante-publique-a-lidentification-des-perspectives-individuelles-et-aux-choix-collectifs\/#article\",\"isPartOf\":{\"@id\":\"https:\/\/medecine-philosophie.com\/index.php\/2022\/07\/19\/la-valeur-des-donnees-genetiques-la-contribution-de-la-sante-publique-a-lidentification-des-perspectives-individuelles-et-aux-choix-collectifs\/#webpage\"},\"author\":{\"@id\":\"https:\/\/medecine-philosophie.com\/#\/schema\/person\/b734b2bd33e070304171c4adcaea7b7a\"},\"headline\":\"La valeur des donn\\u00e9es g\\u00e9n\\u00e9tiques : la contribution de la sant\\u00e9 publique \\u00e0 l\\u2019identification des perspectives individuelles et aux choix collectifs\",\"datePublished\":\"2022-07-19T20:33:15+00:00\",\"dateModified\":\"2022-07-23T19:29:15+00:00\",\"mainEntityOfPage\":{\"@id\":\"https:\/\/medecine-philosophie.com\/index.php\/2022\/07\/19\/la-valeur-des-donnees-genetiques-la-contribution-de-la-sante-publique-a-lidentification-des-perspectives-individuelles-et-aux-choix-collectifs\/#webpage\"},\"publisher\":{\"@id\":\"https:\/\/medecine-philosophie.com\/#organization\"},\"articleSection\":\"Valeurs des donn\\u00e9es g\\u00e9n\\u00e9tiques (7) \\u2013 2022\",\"inLanguage\":\"fr-FR\"},{\"@type\":\"Person\",\"@id\":\"https:\/\/medecine-philosophie.com\/#\/schema\/person\/b734b2bd33e070304171c4adcaea7b7a\",\"name\":\"Revue M\\u00e9decine et Philosophie\",\"image\":{\"@type\":\"ImageObject\",\"@id\":\"https:\/\/medecine-philosophie.com\/#personlogo\",\"inLanguage\":\"fr-FR\",\"url\":\"https:\/\/secure.gravatar.com\/avatar\/0dac4ab431336e697f2d96bfc519513d?s=96&d=mm&r=g\",\"caption\":\"Revue M\\u00e9decine et Philosophie\"}}]}<\/script>\n<!-- \/ Yoast SEO plugin. -->","_links":{"self":[{"href":"https:\/\/medecine-philosophie.com\/index.php\/wp-json\/wp\/v2\/posts\/1325"}],"collection":[{"href":"https:\/\/medecine-philosophie.com\/index.php\/wp-json\/wp\/v2\/posts"}],"about":[{"href":"https:\/\/medecine-philosophie.com\/index.php\/wp-json\/wp\/v2\/types\/post"}],"author":[{"embeddable":true,"href":"https:\/\/medecine-philosophie.com\/index.php\/wp-json\/wp\/v2\/users\/1"}],"replies":[{"embeddable":true,"href":"https:\/\/medecine-philosophie.com\/index.php\/wp-json\/wp\/v2\/comments?post=1325"}],"version-history":[{"count":9,"href":"https:\/\/medecine-philosophie.com\/index.php\/wp-json\/wp\/v2\/posts\/1325\/revisions"}],"predecessor-version":[{"id":1413,"href":"https:\/\/medecine-philosophie.com\/index.php\/wp-json\/wp\/v2\/posts\/1325\/revisions\/1413"}],"wp:attachment":[{"href":"https:\/\/medecine-philosophie.com\/index.php\/wp-json\/wp\/v2\/media?parent=1325"}],"wp:term":[{"taxonomy":"category","embeddable":true,"href":"https:\/\/medecine-philosophie.com\/index.php\/wp-json\/wp\/v2\/categories?post=1325"},{"taxonomy":"post_tag","embeddable":true,"href":"https:\/\/medecine-philosophie.com\/index.php\/wp-json\/wp\/v2\/tags?post=1325"}],"curies":[{"name":"wp","href":"https:\/\/api.w.org\/{rel}","templated":true}]}}