{"id":1332,"date":"2022-07-19T22:37:53","date_gmt":"2022-07-19T20:37:53","guid":{"rendered":"https:\/\/medecine-philosophie.com\/?p=1332"},"modified":"2022-07-23T21:29:59","modified_gmt":"2022-07-23T19:29:59","slug":"jamais-seuls-face-au-genome-produire-un-diagnostic-genetique-a-lere-du-sequencage-a-tres-haut-debit","status":"publish","type":"post","link":"https:\/\/medecine-philosophie.com\/index.php\/2022\/07\/19\/jamais-seuls-face-au-genome-produire-un-diagnostic-genetique-a-lere-du-sequencage-a-tres-haut-debit\/","title":{"rendered":"Jamais seuls face au g\u00e9nome ! Produire un diagnostic g\u00e9n\u00e9tique \u00e0 l\u2019\u00e8re du s\u00e9quen\u00e7age \u00e0 tr\u00e8s haut d\u00e9bit"},"content":{"rendered":"\n<p><strong>Catherine Bourgain*, Quentin Lade**<\/strong><\/p>\n\n\n\n<p>* Universit\u00e9 de Paris, CNRS, INSERM, CERMES3, F-94800 Villejuif, France<\/p>\n\n\n\n<p>** Centre L\u00e9on B\u00e9rard, D\u00e9partement SHS, Chaire Inca, F-69001, France<\/p>\n\n\n\n<p><em>DOI : 10.51328\/220503<\/em><\/p>\n\n\n\n<div class=\"wp-block-file\">\n\t<a class=\"wp-block-file__button\" href=\"https:\/\/medecine-philosophie.com\/wp-content\/uploads\/2022\/07\/3_Bourgain.pdf\" download=\"\">\n\t\tBourgain et Lade, 2022 (t\u00e9l\u00e9charger)\n\t<\/a>\n<\/div>\n<div class=\"wp-block-file\">\n\t<a class=\"wplightbox wp-block-file__button\" href=\"https:\/\/medecine-philosophie.com\/wp-content\/uploads\/2022\/07\/3_Bourgain.pdf\" data-width=\"1200\" data-height=\"1200\">\n\t\tLire: Bourgain et Lade, 2022\n\t<\/a>\n<\/div>\n\n\n\n<p><\/p>\n","protected":false},"excerpt":{"rendered":"<p>Catherine Bourgain*, Quentin Lade** * Universit\u00e9 de Paris, CNRS, INSERM, CERMES3, F-94800 Villejuif, France ** Centre L\u00e9on B\u00e9rard, D\u00e9partement SHS, Chaire Inca, F-69001, France DOI : 10.51328\/220503 Bourgain et Lade, 2022 (t\u00e9l\u00e9charger) Lire: Bourgain et Lade, 2022<\/p>\n","protected":false},"author":1,"featured_media":0,"comment_status":"closed","ping_status":"open","sticky":false,"template":"","format":"standard","meta":[],"categories":[14],"tags":[],"acf":[],"yoast_head":"<!-- This site is optimized with the Yoast SEO plugin v15.9.2 - https:\/\/yoast.com\/wordpress\/plugins\/seo\/ -->\n<title>Jamais seuls face au g\u00e9nome ! Produire un diagnostic g\u00e9n\u00e9tique \u00e0 l\u2019\u00e8re du s\u00e9quen\u00e7age \u00e0 tr\u00e8s haut d\u00e9bit - Revue M\u00e9decine et Philosophie<\/title>\n<meta name=\"robots\" content=\"index, follow, max-snippet:-1, max-image-preview:large, max-video-preview:-1\" \/>\n<link rel=\"canonical\" href=\"https:\/\/medecine-philosophie.com\/index.php\/2022\/07\/19\/jamais-seuls-face-au-genome-produire-un-diagnostic-genetique-a-lere-du-sequencage-a-tres-haut-debit\/\" \/>\n<meta property=\"og:locale\" content=\"fr_FR\" \/>\n<meta property=\"og:type\" content=\"article\" \/>\n<meta property=\"og:title\" content=\"Jamais seuls face au g\u00e9nome ! Produire un diagnostic g\u00e9n\u00e9tique \u00e0 l\u2019\u00e8re du s\u00e9quen\u00e7age \u00e0 tr\u00e8s haut d\u00e9bit - Revue M\u00e9decine et Philosophie\" \/>\n<meta property=\"og:description\" content=\"Catherine Bourgain*, Quentin Lade** * Universit\u00e9 de Paris, CNRS, INSERM, CERMES3, F-94800 Villejuif, France ** Centre L\u00e9on B\u00e9rard, D\u00e9partement SHS, Chaire Inca, F-69001, France DOI : 10.51328\/220503 Bourgain et Lade, 2022 (t\u00e9l\u00e9charger) Lire: Bourgain et Lade, 2022\" \/>\n<meta property=\"og:url\" content=\"https:\/\/medecine-philosophie.com\/index.php\/2022\/07\/19\/jamais-seuls-face-au-genome-produire-un-diagnostic-genetique-a-lere-du-sequencage-a-tres-haut-debit\/\" \/>\n<meta property=\"og:site_name\" content=\"Revue M\u00e9decine et Philosophie\" \/>\n<meta property=\"article:publisher\" content=\"https:\/\/www.facebook.com\/Revue-M%c3%a9decine-et-Philosophie-1057556234396943\/\" \/>\n<meta property=\"article:published_time\" content=\"2022-07-19T20:37:53+00:00\" \/>\n<meta property=\"article:modified_time\" content=\"2022-07-23T19:29:59+00:00\" \/>\n<meta name=\"twitter:card\" content=\"summary_large_image\" \/>\n<meta name=\"twitter:label1\" content=\"Dur\u00e9e de lecture est.\">\n\t<meta name=\"twitter:data1\" content=\"1 minute\">\n<script type=\"application\/ld+json\" class=\"yoast-schema-graph\">{\"@context\":\"https:\/\/schema.org\",\"@graph\":[{\"@type\":\"Organization\",\"@id\":\"https:\/\/medecine-philosophie.com\/#organization\",\"name\":\"Revue M\\u00e9decine et Philosophie\",\"url\":\"https:\/\/medecine-philosophie.com\/\",\"sameAs\":[\"https:\/\/www.facebook.com\/Revue-M\\u00e9decine-et-Philosophie-1057556234396943\/\"],\"logo\":{\"@type\":\"ImageObject\",\"@id\":\"https:\/\/medecine-philosophie.com\/#logo\",\"inLanguage\":\"fr-FR\",\"url\":\"https:\/\/medecine-philosophie.com\/wp-content\/uploads\/2018\/04\/Revue-de-m\\u00e9decine-et-philosophie-pdf.jpg\",\"caption\":\"Revue M\\u00e9decine et Philosophie\"},\"image\":{\"@id\":\"https:\/\/medecine-philosophie.com\/#logo\"}},{\"@type\":\"WebSite\",\"@id\":\"https:\/\/medecine-philosophie.com\/#website\",\"url\":\"https:\/\/medecine-philosophie.com\/\",\"name\":\"Revue M\\u00e9decine et Philosophie\",\"description\":\"Revue interdisciplinaire\",\"publisher\":{\"@id\":\"https:\/\/medecine-philosophie.com\/#organization\"},\"potentialAction\":[{\"@type\":\"SearchAction\",\"target\":\"https:\/\/medecine-philosophie.com\/?s={search_term_string}\",\"query-input\":\"required name=search_term_string\"}],\"inLanguage\":\"fr-FR\"},{\"@type\":\"WebPage\",\"@id\":\"https:\/\/medecine-philosophie.com\/index.php\/2022\/07\/19\/jamais-seuls-face-au-genome-produire-un-diagnostic-genetique-a-lere-du-sequencage-a-tres-haut-debit\/#webpage\",\"url\":\"https:\/\/medecine-philosophie.com\/index.php\/2022\/07\/19\/jamais-seuls-face-au-genome-produire-un-diagnostic-genetique-a-lere-du-sequencage-a-tres-haut-debit\/\",\"name\":\"Jamais seuls face au g\\u00e9nome ! Produire un diagnostic g\\u00e9n\\u00e9tique \\u00e0 l\\u2019\\u00e8re du s\\u00e9quen\\u00e7age \\u00e0 tr\\u00e8s haut d\\u00e9bit - Revue M\\u00e9decine et Philosophie\",\"isPartOf\":{\"@id\":\"https:\/\/medecine-philosophie.com\/#website\"},\"datePublished\":\"2022-07-19T20:37:53+00:00\",\"dateModified\":\"2022-07-23T19:29:59+00:00\",\"breadcrumb\":{\"@id\":\"https:\/\/medecine-philosophie.com\/index.php\/2022\/07\/19\/jamais-seuls-face-au-genome-produire-un-diagnostic-genetique-a-lere-du-sequencage-a-tres-haut-debit\/#breadcrumb\"},\"inLanguage\":\"fr-FR\",\"potentialAction\":[{\"@type\":\"ReadAction\",\"target\":[\"https:\/\/medecine-philosophie.com\/index.php\/2022\/07\/19\/jamais-seuls-face-au-genome-produire-un-diagnostic-genetique-a-lere-du-sequencage-a-tres-haut-debit\/\"]}]},{\"@type\":\"BreadcrumbList\",\"@id\":\"https:\/\/medecine-philosophie.com\/index.php\/2022\/07\/19\/jamais-seuls-face-au-genome-produire-un-diagnostic-genetique-a-lere-du-sequencage-a-tres-haut-debit\/#breadcrumb\",\"itemListElement\":[{\"@type\":\"ListItem\",\"position\":1,\"item\":{\"@type\":\"WebPage\",\"@id\":\"https:\/\/medecine-philosophie.com\/\",\"url\":\"https:\/\/medecine-philosophie.com\/\",\"name\":\"Accueil\"}},{\"@type\":\"ListItem\",\"position\":2,\"item\":{\"@type\":\"WebPage\",\"@id\":\"https:\/\/medecine-philosophie.com\/index.php\/2022\/07\/19\/jamais-seuls-face-au-genome-produire-un-diagnostic-genetique-a-lere-du-sequencage-a-tres-haut-debit\/\",\"url\":\"https:\/\/medecine-philosophie.com\/index.php\/2022\/07\/19\/jamais-seuls-face-au-genome-produire-un-diagnostic-genetique-a-lere-du-sequencage-a-tres-haut-debit\/\",\"name\":\"Jamais seuls face au g\\u00e9nome ! Produire un diagnostic g\\u00e9n\\u00e9tique \\u00e0 l\\u2019\\u00e8re du s\\u00e9quen\\u00e7age \\u00e0 tr\\u00e8s haut d\\u00e9bit\"}}]},{\"@type\":\"Article\",\"@id\":\"https:\/\/medecine-philosophie.com\/index.php\/2022\/07\/19\/jamais-seuls-face-au-genome-produire-un-diagnostic-genetique-a-lere-du-sequencage-a-tres-haut-debit\/#article\",\"isPartOf\":{\"@id\":\"https:\/\/medecine-philosophie.com\/index.php\/2022\/07\/19\/jamais-seuls-face-au-genome-produire-un-diagnostic-genetique-a-lere-du-sequencage-a-tres-haut-debit\/#webpage\"},\"author\":{\"@id\":\"https:\/\/medecine-philosophie.com\/#\/schema\/person\/b734b2bd33e070304171c4adcaea7b7a\"},\"headline\":\"Jamais seuls face au g\\u00e9nome ! Produire un diagnostic g\\u00e9n\\u00e9tique \\u00e0 l\\u2019\\u00e8re du s\\u00e9quen\\u00e7age \\u00e0 tr\\u00e8s haut d\\u00e9bit\",\"datePublished\":\"2022-07-19T20:37:53+00:00\",\"dateModified\":\"2022-07-23T19:29:59+00:00\",\"mainEntityOfPage\":{\"@id\":\"https:\/\/medecine-philosophie.com\/index.php\/2022\/07\/19\/jamais-seuls-face-au-genome-produire-un-diagnostic-genetique-a-lere-du-sequencage-a-tres-haut-debit\/#webpage\"},\"publisher\":{\"@id\":\"https:\/\/medecine-philosophie.com\/#organization\"},\"articleSection\":\"Valeurs des donn\\u00e9es g\\u00e9n\\u00e9tiques (7) \\u2013 2022\",\"inLanguage\":\"fr-FR\"},{\"@type\":\"Person\",\"@id\":\"https:\/\/medecine-philosophie.com\/#\/schema\/person\/b734b2bd33e070304171c4adcaea7b7a\",\"name\":\"Revue M\\u00e9decine et Philosophie\",\"image\":{\"@type\":\"ImageObject\",\"@id\":\"https:\/\/medecine-philosophie.com\/#personlogo\",\"inLanguage\":\"fr-FR\",\"url\":\"https:\/\/secure.gravatar.com\/avatar\/0dac4ab431336e697f2d96bfc519513d?s=96&d=mm&r=g\",\"caption\":\"Revue M\\u00e9decine et Philosophie\"}}]}<\/script>\n<!-- \/ Yoast SEO plugin. -->","_links":{"self":[{"href":"https:\/\/medecine-philosophie.com\/index.php\/wp-json\/wp\/v2\/posts\/1332"}],"collection":[{"href":"https:\/\/medecine-philosophie.com\/index.php\/wp-json\/wp\/v2\/posts"}],"about":[{"href":"https:\/\/medecine-philosophie.com\/index.php\/wp-json\/wp\/v2\/types\/post"}],"author":[{"embeddable":true,"href":"https:\/\/medecine-philosophie.com\/index.php\/wp-json\/wp\/v2\/users\/1"}],"replies":[{"embeddable":true,"href":"https:\/\/medecine-philosophie.com\/index.php\/wp-json\/wp\/v2\/comments?post=1332"}],"version-history":[{"count":5,"href":"https:\/\/medecine-philosophie.com\/index.php\/wp-json\/wp\/v2\/posts\/1332\/revisions"}],"predecessor-version":[{"id":1415,"href":"https:\/\/medecine-philosophie.com\/index.php\/wp-json\/wp\/v2\/posts\/1332\/revisions\/1415"}],"wp:attachment":[{"href":"https:\/\/medecine-philosophie.com\/index.php\/wp-json\/wp\/v2\/media?parent=1332"}],"wp:term":[{"taxonomy":"category","embeddable":true,"href":"https:\/\/medecine-philosophie.com\/index.php\/wp-json\/wp\/v2\/categories?post=1332"},{"taxonomy":"post_tag","embeddable":true,"href":"https:\/\/medecine-philosophie.com\/index.php\/wp-json\/wp\/v2\/tags?post=1332"}],"curies":[{"name":"wp","href":"https:\/\/api.w.org\/{rel}","templated":true}]}}