{"id":1360,"date":"2022-07-19T22:45:20","date_gmt":"2022-07-19T20:45:20","guid":{"rendered":"https:\/\/medecine-philosophie.com\/?p=1360"},"modified":"2022-07-23T21:32:24","modified_gmt":"2022-07-23T19:32:24","slug":"la-valeur-dun-diagnostic-genomique-a-larrivee-de-la-medecine-genomique-ce-que-cela-change-pour-les-patients-et-les-geneticiens","status":"publish","type":"post","link":"https:\/\/medecine-philosophie.com\/index.php\/2022\/07\/19\/la-valeur-dun-diagnostic-genomique-a-larrivee-de-la-medecine-genomique-ce-que-cela-change-pour-les-patients-et-les-geneticiens\/","title":{"rendered":"La valeur d\u2019un diagnostic g\u00e9nomique \u00e0 l\u2019arriv\u00e9e de la m\u00e9decine g\u00e9nomique : ce que cela change pour les patients et les g\u00e9n\u00e9ticiens"},"content":{"rendered":"\n<p><strong>Laurence Faivre*, Christel Thauvin-Robinet<\/strong>**<\/p>\n\n\n\n<p>* Centre de G\u00e9n\u00e9tique et Centre de R\u00e9f\u00e9rence Maladies Rares \u00ab Anomalies du D\u00e9veloppement de l\u2019Interr\u00e9gion Est \u00bb et fili\u00e8re AnDDI-Rares, H\u00f4pital d\u2019Enfants, CHU Dijon Bourgogne, France<\/p>\n\n\n\n<p>** FHU TRANSLAD et GIMI (Genomic and Immunotherapy Medical Institute), CHU Dijon Bourgogne et Universit\u00e9 de Bourgogne-Franche Comt\u00e9, France, UMR UB-Inserm 1231 GAD \u00ab G\u00e9n\u00e9tique des Anomalies du D\u00e9veloppement \u00bb, Dijon, France<\/p>\n\n\n\n<p><em>DOI : 10.51328\/220510<\/em><\/p>\n\n\n\n<div class=\"wp-block-file\">\n\t<a class=\"wp-block-file__button\" href=\"https:\/\/medecine-philosophie.com\/wp-content\/uploads\/2022\/07\/z10_Faivre.pdf\" download=\"\">\n\t\tFaivre et Thauvin-Robinet, 2022 (t\u00e9l\u00e9charger)\n\t<\/a>\n<\/div>\n<div class=\"wp-block-file\">\n\t<a class=\"wplightbox wp-block-file__button\" href=\"https:\/\/medecine-philosophie.com\/wp-content\/uploads\/2022\/07\/z10_Faivre.pdf\" data-width=\"1200\" data-height=\"1200\">\n\t\tLire: Faivre et Thauvin-Robinet, 2022\n\t<\/a>\n<\/div>\n\n\n\n<p><em>DOI : 10.51328\/220510<\/em><\/p>\n","protected":false},"excerpt":{"rendered":"<p>Laurence Faivre*, Christel Thauvin-Robinet** * Centre de G\u00e9n\u00e9tique et Centre de R\u00e9f\u00e9rence Maladies Rares \u00ab Anomalies du D\u00e9veloppement de l\u2019Interr\u00e9gion Est \u00bb et fili\u00e8re AnDDI-Rares, H\u00f4pital d\u2019Enfants, CHU Dijon Bourgogne, France ** FHU TRANSLAD et GIMI (Genomic and Immunotherapy Medical<\/p>\n","protected":false},"author":1,"featured_media":0,"comment_status":"closed","ping_status":"open","sticky":false,"template":"","format":"standard","meta":[],"categories":[14],"tags":[],"acf":[],"yoast_head":"<!-- This site is optimized with the Yoast SEO plugin v15.9.2 - https:\/\/yoast.com\/wordpress\/plugins\/seo\/ -->\n<title>La valeur d\u2019un diagnostic g\u00e9nomique \u00e0 l\u2019arriv\u00e9e de la m\u00e9decine g\u00e9nomique : ce que cela change pour les patients et les g\u00e9n\u00e9ticiens - Revue M\u00e9decine et Philosophie<\/title>\n<meta name=\"robots\" content=\"index, follow, max-snippet:-1, max-image-preview:large, max-video-preview:-1\" \/>\n<link rel=\"canonical\" href=\"https:\/\/medecine-philosophie.com\/index.php\/2022\/07\/19\/la-valeur-dun-diagnostic-genomique-a-larrivee-de-la-medecine-genomique-ce-que-cela-change-pour-les-patients-et-les-geneticiens\/\" \/>\n<meta property=\"og:locale\" content=\"fr_FR\" \/>\n<meta property=\"og:type\" content=\"article\" \/>\n<meta property=\"og:title\" content=\"La valeur d\u2019un diagnostic g\u00e9nomique \u00e0 l\u2019arriv\u00e9e de la m\u00e9decine g\u00e9nomique : ce que cela change pour les patients et les g\u00e9n\u00e9ticiens - Revue M\u00e9decine et Philosophie\" \/>\n<meta property=\"og:description\" content=\"Laurence Faivre*, Christel Thauvin-Robinet** * Centre de G\u00e9n\u00e9tique et Centre de R\u00e9f\u00e9rence Maladies Rares \u00ab Anomalies du D\u00e9veloppement de l\u2019Interr\u00e9gion Est \u00bb et fili\u00e8re AnDDI-Rares, H\u00f4pital d\u2019Enfants, CHU Dijon Bourgogne, France ** FHU TRANSLAD et GIMI (Genomic and Immunotherapy Medical\" \/>\n<meta property=\"og:url\" content=\"https:\/\/medecine-philosophie.com\/index.php\/2022\/07\/19\/la-valeur-dun-diagnostic-genomique-a-larrivee-de-la-medecine-genomique-ce-que-cela-change-pour-les-patients-et-les-geneticiens\/\" \/>\n<meta property=\"og:site_name\" content=\"Revue M\u00e9decine et Philosophie\" \/>\n<meta property=\"article:publisher\" content=\"https:\/\/www.facebook.com\/Revue-M%c3%a9decine-et-Philosophie-1057556234396943\/\" \/>\n<meta property=\"article:published_time\" content=\"2022-07-19T20:45:20+00:00\" \/>\n<meta property=\"article:modified_time\" content=\"2022-07-23T19:32:24+00:00\" \/>\n<meta name=\"twitter:card\" content=\"summary_large_image\" \/>\n<meta name=\"twitter:label1\" content=\"Dur\u00e9e de lecture est.\">\n\t<meta name=\"twitter:data1\" content=\"1 minute\">\n<script type=\"application\/ld+json\" class=\"yoast-schema-graph\">{\"@context\":\"https:\/\/schema.org\",\"@graph\":[{\"@type\":\"Organization\",\"@id\":\"https:\/\/medecine-philosophie.com\/#organization\",\"name\":\"Revue M\\u00e9decine et Philosophie\",\"url\":\"https:\/\/medecine-philosophie.com\/\",\"sameAs\":[\"https:\/\/www.facebook.com\/Revue-M\\u00e9decine-et-Philosophie-1057556234396943\/\"],\"logo\":{\"@type\":\"ImageObject\",\"@id\":\"https:\/\/medecine-philosophie.com\/#logo\",\"inLanguage\":\"fr-FR\",\"url\":\"https:\/\/medecine-philosophie.com\/wp-content\/uploads\/2018\/04\/Revue-de-m\\u00e9decine-et-philosophie-pdf.jpg\",\"caption\":\"Revue M\\u00e9decine et Philosophie\"},\"image\":{\"@id\":\"https:\/\/medecine-philosophie.com\/#logo\"}},{\"@type\":\"WebSite\",\"@id\":\"https:\/\/medecine-philosophie.com\/#website\",\"url\":\"https:\/\/medecine-philosophie.com\/\",\"name\":\"Revue M\\u00e9decine et Philosophie\",\"description\":\"Revue interdisciplinaire\",\"publisher\":{\"@id\":\"https:\/\/medecine-philosophie.com\/#organization\"},\"potentialAction\":[{\"@type\":\"SearchAction\",\"target\":\"https:\/\/medecine-philosophie.com\/?s={search_term_string}\",\"query-input\":\"required name=search_term_string\"}],\"inLanguage\":\"fr-FR\"},{\"@type\":\"WebPage\",\"@id\":\"https:\/\/medecine-philosophie.com\/index.php\/2022\/07\/19\/la-valeur-dun-diagnostic-genomique-a-larrivee-de-la-medecine-genomique-ce-que-cela-change-pour-les-patients-et-les-geneticiens\/#webpage\",\"url\":\"https:\/\/medecine-philosophie.com\/index.php\/2022\/07\/19\/la-valeur-dun-diagnostic-genomique-a-larrivee-de-la-medecine-genomique-ce-que-cela-change-pour-les-patients-et-les-geneticiens\/\",\"name\":\"La valeur d\\u2019un diagnostic g\\u00e9nomique \\u00e0 l\\u2019arriv\\u00e9e de la m\\u00e9decine g\\u00e9nomique : ce que cela change pour les patients et les g\\u00e9n\\u00e9ticiens - Revue M\\u00e9decine et Philosophie\",\"isPartOf\":{\"@id\":\"https:\/\/medecine-philosophie.com\/#website\"},\"datePublished\":\"2022-07-19T20:45:20+00:00\",\"dateModified\":\"2022-07-23T19:32:24+00:00\",\"breadcrumb\":{\"@id\":\"https:\/\/medecine-philosophie.com\/index.php\/2022\/07\/19\/la-valeur-dun-diagnostic-genomique-a-larrivee-de-la-medecine-genomique-ce-que-cela-change-pour-les-patients-et-les-geneticiens\/#breadcrumb\"},\"inLanguage\":\"fr-FR\",\"potentialAction\":[{\"@type\":\"ReadAction\",\"target\":[\"https:\/\/medecine-philosophie.com\/index.php\/2022\/07\/19\/la-valeur-dun-diagnostic-genomique-a-larrivee-de-la-medecine-genomique-ce-que-cela-change-pour-les-patients-et-les-geneticiens\/\"]}]},{\"@type\":\"BreadcrumbList\",\"@id\":\"https:\/\/medecine-philosophie.com\/index.php\/2022\/07\/19\/la-valeur-dun-diagnostic-genomique-a-larrivee-de-la-medecine-genomique-ce-que-cela-change-pour-les-patients-et-les-geneticiens\/#breadcrumb\",\"itemListElement\":[{\"@type\":\"ListItem\",\"position\":1,\"item\":{\"@type\":\"WebPage\",\"@id\":\"https:\/\/medecine-philosophie.com\/\",\"url\":\"https:\/\/medecine-philosophie.com\/\",\"name\":\"Accueil\"}},{\"@type\":\"ListItem\",\"position\":2,\"item\":{\"@type\":\"WebPage\",\"@id\":\"https:\/\/medecine-philosophie.com\/index.php\/2022\/07\/19\/la-valeur-dun-diagnostic-genomique-a-larrivee-de-la-medecine-genomique-ce-que-cela-change-pour-les-patients-et-les-geneticiens\/\",\"url\":\"https:\/\/medecine-philosophie.com\/index.php\/2022\/07\/19\/la-valeur-dun-diagnostic-genomique-a-larrivee-de-la-medecine-genomique-ce-que-cela-change-pour-les-patients-et-les-geneticiens\/\",\"name\":\"La valeur d\\u2019un diagnostic g\\u00e9nomique \\u00e0 l\\u2019arriv\\u00e9e de la m\\u00e9decine g\\u00e9nomique : ce que cela change pour les patients et les g\\u00e9n\\u00e9ticiens\"}}]},{\"@type\":\"Article\",\"@id\":\"https:\/\/medecine-philosophie.com\/index.php\/2022\/07\/19\/la-valeur-dun-diagnostic-genomique-a-larrivee-de-la-medecine-genomique-ce-que-cela-change-pour-les-patients-et-les-geneticiens\/#article\",\"isPartOf\":{\"@id\":\"https:\/\/medecine-philosophie.com\/index.php\/2022\/07\/19\/la-valeur-dun-diagnostic-genomique-a-larrivee-de-la-medecine-genomique-ce-que-cela-change-pour-les-patients-et-les-geneticiens\/#webpage\"},\"author\":{\"@id\":\"https:\/\/medecine-philosophie.com\/#\/schema\/person\/b734b2bd33e070304171c4adcaea7b7a\"},\"headline\":\"La valeur d\\u2019un diagnostic g\\u00e9nomique \\u00e0 l\\u2019arriv\\u00e9e de la m\\u00e9decine g\\u00e9nomique : ce que cela change pour les patients et les g\\u00e9n\\u00e9ticiens\",\"datePublished\":\"2022-07-19T20:45:20+00:00\",\"dateModified\":\"2022-07-23T19:32:24+00:00\",\"mainEntityOfPage\":{\"@id\":\"https:\/\/medecine-philosophie.com\/index.php\/2022\/07\/19\/la-valeur-dun-diagnostic-genomique-a-larrivee-de-la-medecine-genomique-ce-que-cela-change-pour-les-patients-et-les-geneticiens\/#webpage\"},\"publisher\":{\"@id\":\"https:\/\/medecine-philosophie.com\/#organization\"},\"articleSection\":\"Valeurs des donn\\u00e9es g\\u00e9n\\u00e9tiques (7) \\u2013 2022\",\"inLanguage\":\"fr-FR\"},{\"@type\":\"Person\",\"@id\":\"https:\/\/medecine-philosophie.com\/#\/schema\/person\/b734b2bd33e070304171c4adcaea7b7a\",\"name\":\"Revue M\\u00e9decine et Philosophie\",\"image\":{\"@type\":\"ImageObject\",\"@id\":\"https:\/\/medecine-philosophie.com\/#personlogo\",\"inLanguage\":\"fr-FR\",\"url\":\"https:\/\/secure.gravatar.com\/avatar\/0dac4ab431336e697f2d96bfc519513d?s=96&d=mm&r=g\",\"caption\":\"Revue M\\u00e9decine et Philosophie\"}}]}<\/script>\n<!-- \/ Yoast SEO plugin. -->","_links":{"self":[{"href":"https:\/\/medecine-philosophie.com\/index.php\/wp-json\/wp\/v2\/posts\/1360"}],"collection":[{"href":"https:\/\/medecine-philosophie.com\/index.php\/wp-json\/wp\/v2\/posts"}],"about":[{"href":"https:\/\/medecine-philosophie.com\/index.php\/wp-json\/wp\/v2\/types\/post"}],"author":[{"embeddable":true,"href":"https:\/\/medecine-philosophie.com\/index.php\/wp-json\/wp\/v2\/users\/1"}],"replies":[{"embeddable":true,"href":"https:\/\/medecine-philosophie.com\/index.php\/wp-json\/wp\/v2\/comments?post=1360"}],"version-history":[{"count":6,"href":"https:\/\/medecine-philosophie.com\/index.php\/wp-json\/wp\/v2\/posts\/1360\/revisions"}],"predecessor-version":[{"id":1422,"href":"https:\/\/medecine-philosophie.com\/index.php\/wp-json\/wp\/v2\/posts\/1360\/revisions\/1422"}],"wp:attachment":[{"href":"https:\/\/medecine-philosophie.com\/index.php\/wp-json\/wp\/v2\/media?parent=1360"}],"wp:term":[{"taxonomy":"category","embeddable":true,"href":"https:\/\/medecine-philosophie.com\/index.php\/wp-json\/wp\/v2\/categories?post=1360"},{"taxonomy":"post_tag","embeddable":true,"href":"https:\/\/medecine-philosophie.com\/index.php\/wp-json\/wp\/v2\/tags?post=1360"}],"curies":[{"name":"wp","href":"https:\/\/api.w.org\/{rel}","templated":true}]}}