{"id":1462,"date":"2023-05-04T07:50:19","date_gmt":"2023-05-04T05:50:19","guid":{"rendered":"https:\/\/medecine-philosophie.com\/?p=1462"},"modified":"2023-05-04T07:50:59","modified_gmt":"2023-05-04T05:50:59","slug":"crisprcas9-quel-paradigme-philosophique","status":"publish","type":"post","link":"https:\/\/medecine-philosophie.com\/index.php\/2023\/05\/04\/crisprcas9-quel-paradigme-philosophique\/","title":{"rendered":"CRISPRCas9 : Quel paradigme philosophique ?"},"content":{"rendered":"\n<p><strong>Guillaume Morano<\/strong> *<\/p>\n\n\n\n<p>* Professeur agr\u00e9g\u00e9 de philosophie en classes pr\u00e9paratoires, Strasbourg, France<\/p>\n\n\n\n<div class=\"wp-block-file\">\n<a class=\"wp-block-file__button\" href=\"https:\/\/medecine-philosophie.com\/wp-content\/uploads\/2023\/05\/5-Morano_CrispR.pdf\">Morano, 2023 (CRISPRCAS9) (t\u00e9l\u00e9charger)<\/a>\n<\/div>\n<div class=\"wp-block-file\">\n<a class=\"wplightbox wp-block-file__button\" href=\"https:\/\/medecine-philosophie.com\/wp-content\/uploads\/2023\/05\/5-Morano_CrispR.pdf\">Morano, 2023 (CRISPRCAS9)<\/a><\/div>\n\n\n\n<p><\/p>\n","protected":false},"excerpt":{"rendered":"<p>Guillaume Morano * * Professeur agr\u00e9g\u00e9 de philosophie en classes pr\u00e9paratoires, Strasbourg, France<\/p>\n","protected":false},"author":1,"featured_media":0,"comment_status":"closed","ping_status":"open","sticky":false,"template":"","format":"standard","meta":[],"categories":[16],"tags":[],"acf":[],"yoast_head":"<!-- This site is optimized with the Yoast SEO plugin v15.9.2 - https:\/\/yoast.com\/wordpress\/plugins\/seo\/ -->\n<title>CRISPRCas9 : Quel paradigme philosophique ? - Revue M\u00e9decine et Philosophie<\/title>\n<meta name=\"robots\" content=\"index, follow, max-snippet:-1, max-image-preview:large, max-video-preview:-1\" \/>\n<link rel=\"canonical\" href=\"https:\/\/medecine-philosophie.com\/index.php\/2023\/05\/04\/crisprcas9-quel-paradigme-philosophique\/\" \/>\n<meta property=\"og:locale\" content=\"fr_FR\" \/>\n<meta property=\"og:type\" content=\"article\" \/>\n<meta property=\"og:title\" content=\"CRISPRCas9 : Quel paradigme philosophique ? - Revue M\u00e9decine et Philosophie\" \/>\n<meta property=\"og:description\" content=\"Guillaume Morano * * Professeur agr\u00e9g\u00e9 de philosophie en classes pr\u00e9paratoires, Strasbourg, France\" \/>\n<meta property=\"og:url\" content=\"https:\/\/medecine-philosophie.com\/index.php\/2023\/05\/04\/crisprcas9-quel-paradigme-philosophique\/\" \/>\n<meta property=\"og:site_name\" content=\"Revue M\u00e9decine et Philosophie\" \/>\n<meta property=\"article:publisher\" content=\"https:\/\/www.facebook.com\/Revue-M%c3%a9decine-et-Philosophie-1057556234396943\/\" \/>\n<meta property=\"article:published_time\" content=\"2023-05-04T05:50:19+00:00\" \/>\n<meta property=\"article:modified_time\" content=\"2023-05-04T05:50:59+00:00\" \/>\n<meta name=\"twitter:card\" content=\"summary_large_image\" \/>\n<meta name=\"twitter:label1\" content=\"Dur\u00e9e de lecture est.\">\n\t<meta name=\"twitter:data1\" content=\"1 minute\">\n<script type=\"application\/ld+json\" class=\"yoast-schema-graph\">{\"@context\":\"https:\/\/schema.org\",\"@graph\":[{\"@type\":\"Organization\",\"@id\":\"https:\/\/medecine-philosophie.com\/#organization\",\"name\":\"Revue M\\u00e9decine et Philosophie\",\"url\":\"https:\/\/medecine-philosophie.com\/\",\"sameAs\":[\"https:\/\/www.facebook.com\/Revue-M\\u00e9decine-et-Philosophie-1057556234396943\/\"],\"logo\":{\"@type\":\"ImageObject\",\"@id\":\"https:\/\/medecine-philosophie.com\/#logo\",\"inLanguage\":\"fr-FR\",\"url\":\"https:\/\/medecine-philosophie.com\/wp-content\/uploads\/2018\/04\/Revue-de-m\\u00e9decine-et-philosophie-pdf.jpg\",\"caption\":\"Revue M\\u00e9decine et Philosophie\"},\"image\":{\"@id\":\"https:\/\/medecine-philosophie.com\/#logo\"}},{\"@type\":\"WebSite\",\"@id\":\"https:\/\/medecine-philosophie.com\/#website\",\"url\":\"https:\/\/medecine-philosophie.com\/\",\"name\":\"Revue M\\u00e9decine et Philosophie\",\"description\":\"Revue interdisciplinaire\",\"publisher\":{\"@id\":\"https:\/\/medecine-philosophie.com\/#organization\"},\"potentialAction\":[{\"@type\":\"SearchAction\",\"target\":\"https:\/\/medecine-philosophie.com\/?s={search_term_string}\",\"query-input\":\"required name=search_term_string\"}],\"inLanguage\":\"fr-FR\"},{\"@type\":\"WebPage\",\"@id\":\"https:\/\/medecine-philosophie.com\/index.php\/2023\/05\/04\/crisprcas9-quel-paradigme-philosophique\/#webpage\",\"url\":\"https:\/\/medecine-philosophie.com\/index.php\/2023\/05\/04\/crisprcas9-quel-paradigme-philosophique\/\",\"name\":\"CRISPRCas9 : Quel paradigme philosophique ? - Revue M\\u00e9decine et Philosophie\",\"isPartOf\":{\"@id\":\"https:\/\/medecine-philosophie.com\/#website\"},\"datePublished\":\"2023-05-04T05:50:19+00:00\",\"dateModified\":\"2023-05-04T05:50:59+00:00\",\"breadcrumb\":{\"@id\":\"https:\/\/medecine-philosophie.com\/index.php\/2023\/05\/04\/crisprcas9-quel-paradigme-philosophique\/#breadcrumb\"},\"inLanguage\":\"fr-FR\",\"potentialAction\":[{\"@type\":\"ReadAction\",\"target\":[\"https:\/\/medecine-philosophie.com\/index.php\/2023\/05\/04\/crisprcas9-quel-paradigme-philosophique\/\"]}]},{\"@type\":\"BreadcrumbList\",\"@id\":\"https:\/\/medecine-philosophie.com\/index.php\/2023\/05\/04\/crisprcas9-quel-paradigme-philosophique\/#breadcrumb\",\"itemListElement\":[{\"@type\":\"ListItem\",\"position\":1,\"item\":{\"@type\":\"WebPage\",\"@id\":\"https:\/\/medecine-philosophie.com\/\",\"url\":\"https:\/\/medecine-philosophie.com\/\",\"name\":\"Accueil\"}},{\"@type\":\"ListItem\",\"position\":2,\"item\":{\"@type\":\"WebPage\",\"@id\":\"https:\/\/medecine-philosophie.com\/index.php\/2023\/05\/04\/crisprcas9-quel-paradigme-philosophique\/\",\"url\":\"https:\/\/medecine-philosophie.com\/index.php\/2023\/05\/04\/crisprcas9-quel-paradigme-philosophique\/\",\"name\":\"CRISPRCas9 : Quel paradigme philosophique ?\"}}]},{\"@type\":\"Article\",\"@id\":\"https:\/\/medecine-philosophie.com\/index.php\/2023\/05\/04\/crisprcas9-quel-paradigme-philosophique\/#article\",\"isPartOf\":{\"@id\":\"https:\/\/medecine-philosophie.com\/index.php\/2023\/05\/04\/crisprcas9-quel-paradigme-philosophique\/#webpage\"},\"author\":{\"@id\":\"https:\/\/medecine-philosophie.com\/#\/schema\/person\/b734b2bd33e070304171c4adcaea7b7a\"},\"headline\":\"CRISPRCas9 : Quel paradigme philosophique ?\",\"datePublished\":\"2023-05-04T05:50:19+00:00\",\"dateModified\":\"2023-05-04T05:50:59+00:00\",\"mainEntityOfPage\":{\"@id\":\"https:\/\/medecine-philosophie.com\/index.php\/2023\/05\/04\/crisprcas9-quel-paradigme-philosophique\/#webpage\"},\"publisher\":{\"@id\":\"https:\/\/medecine-philosophie.com\/#organization\"},\"articleSection\":\"Philosophie de la biologie (9) \\u2013\\u00a02023\",\"inLanguage\":\"fr-FR\"},{\"@type\":\"Person\",\"@id\":\"https:\/\/medecine-philosophie.com\/#\/schema\/person\/b734b2bd33e070304171c4adcaea7b7a\",\"name\":\"Revue M\\u00e9decine et Philosophie\",\"image\":{\"@type\":\"ImageObject\",\"@id\":\"https:\/\/medecine-philosophie.com\/#personlogo\",\"inLanguage\":\"fr-FR\",\"url\":\"https:\/\/secure.gravatar.com\/avatar\/0dac4ab431336e697f2d96bfc519513d?s=96&d=mm&r=g\",\"caption\":\"Revue M\\u00e9decine et Philosophie\"}}]}<\/script>\n<!-- \/ Yoast SEO plugin. -->","_links":{"self":[{"href":"https:\/\/medecine-philosophie.com\/index.php\/wp-json\/wp\/v2\/posts\/1462"}],"collection":[{"href":"https:\/\/medecine-philosophie.com\/index.php\/wp-json\/wp\/v2\/posts"}],"about":[{"href":"https:\/\/medecine-philosophie.com\/index.php\/wp-json\/wp\/v2\/types\/post"}],"author":[{"embeddable":true,"href":"https:\/\/medecine-philosophie.com\/index.php\/wp-json\/wp\/v2\/users\/1"}],"replies":[{"embeddable":true,"href":"https:\/\/medecine-philosophie.com\/index.php\/wp-json\/wp\/v2\/comments?post=1462"}],"version-history":[{"count":4,"href":"https:\/\/medecine-philosophie.com\/index.php\/wp-json\/wp\/v2\/posts\/1462\/revisions"}],"predecessor-version":[{"id":1494,"href":"https:\/\/medecine-philosophie.com\/index.php\/wp-json\/wp\/v2\/posts\/1462\/revisions\/1494"}],"wp:attachment":[{"href":"https:\/\/medecine-philosophie.com\/index.php\/wp-json\/wp\/v2\/media?parent=1462"}],"wp:term":[{"taxonomy":"category","embeddable":true,"href":"https:\/\/medecine-philosophie.com\/index.php\/wp-json\/wp\/v2\/categories?post=1462"},{"taxonomy":"post_tag","embeddable":true,"href":"https:\/\/medecine-philosophie.com\/index.php\/wp-json\/wp\/v2\/tags?post=1462"}],"curies":[{"name":"wp","href":"https:\/\/api.w.org\/{rel}","templated":true}]}}