{"id":1478,"date":"2023-05-04T07:54:47","date_gmt":"2023-05-04T05:54:47","guid":{"rendered":"https:\/\/medecine-philosophie.com\/?p=1478"},"modified":"2023-05-04T07:54:52","modified_gmt":"2023-05-04T05:54:52","slug":"sante-idem-et-sante-ipse-le-concept-implicite-didentite-dans-lhistoire-de-la-philosophie-contemporaine-de-la-sante","status":"publish","type":"post","link":"https:\/\/medecine-philosophie.com\/index.php\/2023\/05\/04\/sante-idem-et-sante-ipse-le-concept-implicite-didentite-dans-lhistoire-de-la-philosophie-contemporaine-de-la-sante\/","title":{"rendered":"Sant\u00e9-idem et sant\u00e9-ipse : le concept implicite d\u2019identit\u00e9 dans l\u2019histoire de la philosophie contemporaine de la sant\u00e9"},"content":{"rendered":"\n<p><strong>Jihad Maalouf<\/strong> *<\/p>\n\n\n\n<p>*MD, PhD, Facult\u00e9 de sant\u00e9 publique, Universit\u00e9 Antonine (UA), Hadath, Liban Facult\u00e9 de sant\u00e9 publique, Universit\u00e9 La Sagesse (ULS), Furn el Chebbak, Liban Faculty of Arts and Sciences, Saint George University of Beirut (SGUB), Achrafieh, Liban<\/p>\n\n\n\n<div class=\"wp-block-file\">\n<a class=\"wp-block-file__button\" href=\"https:\/\/medecine-philosophie.com\/wp-content\/uploads\/2023\/05\/9-Jihad_varia.pdf\">Maalouf, 2023  (t\u00e9l\u00e9charger)<\/a>\n<\/div>\n<div class=\"wp-block-file\">\n<a class=\"wplightbox wp-block-file__button\" href=\"https:\/\/medecine-philosophie.com\/wp-content\/uploads\/2023\/05\/9-Jihad_varia.pdf\">Maalouf, 2023<\/a><\/div>\n\n\n\n<p><\/p>\n","protected":false},"excerpt":{"rendered":"<p>Jihad Maalouf * *MD, PhD, Facult\u00e9 de sant\u00e9 publique, Universit\u00e9 Antonine (UA), Hadath, Liban Facult\u00e9 de sant\u00e9 publique, Universit\u00e9 La Sagesse (ULS), Furn el Chebbak, Liban Faculty of Arts and Sciences, Saint George University of Beirut (SGUB), Achrafieh, Liban<\/p>\n","protected":false},"author":1,"featured_media":0,"comment_status":"closed","ping_status":"open","sticky":false,"template":"","format":"standard","meta":[],"categories":[16],"tags":[],"acf":[],"yoast_head":"<!-- This site is optimized with the Yoast SEO plugin v15.9.2 - https:\/\/yoast.com\/wordpress\/plugins\/seo\/ -->\n<title>Sant\u00e9-idem et sant\u00e9-ipse : le concept implicite d\u2019identit\u00e9 dans l\u2019histoire de la philosophie contemporaine de la sant\u00e9 - Revue M\u00e9decine et Philosophie<\/title>\n<meta name=\"robots\" content=\"index, follow, max-snippet:-1, max-image-preview:large, max-video-preview:-1\" \/>\n<link rel=\"canonical\" href=\"https:\/\/medecine-philosophie.com\/index.php\/2023\/05\/04\/sante-idem-et-sante-ipse-le-concept-implicite-didentite-dans-lhistoire-de-la-philosophie-contemporaine-de-la-sante\/\" \/>\n<meta property=\"og:locale\" content=\"fr_FR\" \/>\n<meta property=\"og:type\" content=\"article\" \/>\n<meta property=\"og:title\" content=\"Sant\u00e9-idem et sant\u00e9-ipse : le concept implicite d\u2019identit\u00e9 dans l\u2019histoire de la philosophie contemporaine de la sant\u00e9 - Revue M\u00e9decine et Philosophie\" \/>\n<meta property=\"og:description\" content=\"Jihad Maalouf * *MD, PhD, Facult\u00e9 de sant\u00e9 publique, Universit\u00e9 Antonine (UA), Hadath, Liban Facult\u00e9 de sant\u00e9 publique, Universit\u00e9 La Sagesse (ULS), Furn el Chebbak, Liban Faculty of Arts and Sciences, Saint George University of Beirut (SGUB), Achrafieh, Liban\" \/>\n<meta property=\"og:url\" content=\"https:\/\/medecine-philosophie.com\/index.php\/2023\/05\/04\/sante-idem-et-sante-ipse-le-concept-implicite-didentite-dans-lhistoire-de-la-philosophie-contemporaine-de-la-sante\/\" \/>\n<meta property=\"og:site_name\" content=\"Revue M\u00e9decine et Philosophie\" \/>\n<meta property=\"article:publisher\" content=\"https:\/\/www.facebook.com\/Revue-M%c3%a9decine-et-Philosophie-1057556234396943\/\" \/>\n<meta property=\"article:published_time\" content=\"2023-05-04T05:54:47+00:00\" \/>\n<meta property=\"article:modified_time\" content=\"2023-05-04T05:54:52+00:00\" \/>\n<meta name=\"twitter:card\" content=\"summary_large_image\" \/>\n<meta name=\"twitter:label1\" content=\"Dur\u00e9e de lecture est.\">\n\t<meta name=\"twitter:data1\" content=\"1 minute\">\n<script type=\"application\/ld+json\" class=\"yoast-schema-graph\">{\"@context\":\"https:\/\/schema.org\",\"@graph\":[{\"@type\":\"Organization\",\"@id\":\"https:\/\/medecine-philosophie.com\/#organization\",\"name\":\"Revue M\\u00e9decine et Philosophie\",\"url\":\"https:\/\/medecine-philosophie.com\/\",\"sameAs\":[\"https:\/\/www.facebook.com\/Revue-M\\u00e9decine-et-Philosophie-1057556234396943\/\"],\"logo\":{\"@type\":\"ImageObject\",\"@id\":\"https:\/\/medecine-philosophie.com\/#logo\",\"inLanguage\":\"fr-FR\",\"url\":\"https:\/\/medecine-philosophie.com\/wp-content\/uploads\/2018\/04\/Revue-de-m\\u00e9decine-et-philosophie-pdf.jpg\",\"caption\":\"Revue M\\u00e9decine et Philosophie\"},\"image\":{\"@id\":\"https:\/\/medecine-philosophie.com\/#logo\"}},{\"@type\":\"WebSite\",\"@id\":\"https:\/\/medecine-philosophie.com\/#website\",\"url\":\"https:\/\/medecine-philosophie.com\/\",\"name\":\"Revue M\\u00e9decine et Philosophie\",\"description\":\"Revue interdisciplinaire\",\"publisher\":{\"@id\":\"https:\/\/medecine-philosophie.com\/#organization\"},\"potentialAction\":[{\"@type\":\"SearchAction\",\"target\":\"https:\/\/medecine-philosophie.com\/?s={search_term_string}\",\"query-input\":\"required name=search_term_string\"}],\"inLanguage\":\"fr-FR\"},{\"@type\":\"WebPage\",\"@id\":\"https:\/\/medecine-philosophie.com\/index.php\/2023\/05\/04\/sante-idem-et-sante-ipse-le-concept-implicite-didentite-dans-lhistoire-de-la-philosophie-contemporaine-de-la-sante\/#webpage\",\"url\":\"https:\/\/medecine-philosophie.com\/index.php\/2023\/05\/04\/sante-idem-et-sante-ipse-le-concept-implicite-didentite-dans-lhistoire-de-la-philosophie-contemporaine-de-la-sante\/\",\"name\":\"Sant\\u00e9-idem et sant\\u00e9-ipse : le concept implicite d\\u2019identit\\u00e9 dans l\\u2019histoire de la philosophie contemporaine de la sant\\u00e9 - Revue M\\u00e9decine et Philosophie\",\"isPartOf\":{\"@id\":\"https:\/\/medecine-philosophie.com\/#website\"},\"datePublished\":\"2023-05-04T05:54:47+00:00\",\"dateModified\":\"2023-05-04T05:54:52+00:00\",\"breadcrumb\":{\"@id\":\"https:\/\/medecine-philosophie.com\/index.php\/2023\/05\/04\/sante-idem-et-sante-ipse-le-concept-implicite-didentite-dans-lhistoire-de-la-philosophie-contemporaine-de-la-sante\/#breadcrumb\"},\"inLanguage\":\"fr-FR\",\"potentialAction\":[{\"@type\":\"ReadAction\",\"target\":[\"https:\/\/medecine-philosophie.com\/index.php\/2023\/05\/04\/sante-idem-et-sante-ipse-le-concept-implicite-didentite-dans-lhistoire-de-la-philosophie-contemporaine-de-la-sante\/\"]}]},{\"@type\":\"BreadcrumbList\",\"@id\":\"https:\/\/medecine-philosophie.com\/index.php\/2023\/05\/04\/sante-idem-et-sante-ipse-le-concept-implicite-didentite-dans-lhistoire-de-la-philosophie-contemporaine-de-la-sante\/#breadcrumb\",\"itemListElement\":[{\"@type\":\"ListItem\",\"position\":1,\"item\":{\"@type\":\"WebPage\",\"@id\":\"https:\/\/medecine-philosophie.com\/\",\"url\":\"https:\/\/medecine-philosophie.com\/\",\"name\":\"Accueil\"}},{\"@type\":\"ListItem\",\"position\":2,\"item\":{\"@type\":\"WebPage\",\"@id\":\"https:\/\/medecine-philosophie.com\/index.php\/2023\/05\/04\/sante-idem-et-sante-ipse-le-concept-implicite-didentite-dans-lhistoire-de-la-philosophie-contemporaine-de-la-sante\/\",\"url\":\"https:\/\/medecine-philosophie.com\/index.php\/2023\/05\/04\/sante-idem-et-sante-ipse-le-concept-implicite-didentite-dans-lhistoire-de-la-philosophie-contemporaine-de-la-sante\/\",\"name\":\"Sant\\u00e9-idem et sant\\u00e9-ipse : le concept implicite d\\u2019identit\\u00e9 dans l\\u2019histoire de la philosophie contemporaine de la sant\\u00e9\"}}]},{\"@type\":\"Article\",\"@id\":\"https:\/\/medecine-philosophie.com\/index.php\/2023\/05\/04\/sante-idem-et-sante-ipse-le-concept-implicite-didentite-dans-lhistoire-de-la-philosophie-contemporaine-de-la-sante\/#article\",\"isPartOf\":{\"@id\":\"https:\/\/medecine-philosophie.com\/index.php\/2023\/05\/04\/sante-idem-et-sante-ipse-le-concept-implicite-didentite-dans-lhistoire-de-la-philosophie-contemporaine-de-la-sante\/#webpage\"},\"author\":{\"@id\":\"https:\/\/medecine-philosophie.com\/#\/schema\/person\/b734b2bd33e070304171c4adcaea7b7a\"},\"headline\":\"Sant\\u00e9-idem et sant\\u00e9-ipse : le concept implicite d\\u2019identit\\u00e9 dans l\\u2019histoire de la philosophie contemporaine de la sant\\u00e9\",\"datePublished\":\"2023-05-04T05:54:47+00:00\",\"dateModified\":\"2023-05-04T05:54:52+00:00\",\"mainEntityOfPage\":{\"@id\":\"https:\/\/medecine-philosophie.com\/index.php\/2023\/05\/04\/sante-idem-et-sante-ipse-le-concept-implicite-didentite-dans-lhistoire-de-la-philosophie-contemporaine-de-la-sante\/#webpage\"},\"publisher\":{\"@id\":\"https:\/\/medecine-philosophie.com\/#organization\"},\"articleSection\":\"Philosophie de la biologie (9) \\u2013\\u00a02023\",\"inLanguage\":\"fr-FR\"},{\"@type\":\"Person\",\"@id\":\"https:\/\/medecine-philosophie.com\/#\/schema\/person\/b734b2bd33e070304171c4adcaea7b7a\",\"name\":\"Revue M\\u00e9decine et Philosophie\",\"image\":{\"@type\":\"ImageObject\",\"@id\":\"https:\/\/medecine-philosophie.com\/#personlogo\",\"inLanguage\":\"fr-FR\",\"url\":\"https:\/\/secure.gravatar.com\/avatar\/0dac4ab431336e697f2d96bfc519513d?s=96&d=mm&r=g\",\"caption\":\"Revue M\\u00e9decine et Philosophie\"}}]}<\/script>\n<!-- \/ Yoast SEO plugin. -->","_links":{"self":[{"href":"https:\/\/medecine-philosophie.com\/index.php\/wp-json\/wp\/v2\/posts\/1478"}],"collection":[{"href":"https:\/\/medecine-philosophie.com\/index.php\/wp-json\/wp\/v2\/posts"}],"about":[{"href":"https:\/\/medecine-philosophie.com\/index.php\/wp-json\/wp\/v2\/types\/post"}],"author":[{"embeddable":true,"href":"https:\/\/medecine-philosophie.com\/index.php\/wp-json\/wp\/v2\/users\/1"}],"replies":[{"embeddable":true,"href":"https:\/\/medecine-philosophie.com\/index.php\/wp-json\/wp\/v2\/comments?post=1478"}],"version-history":[{"count":3,"href":"https:\/\/medecine-philosophie.com\/index.php\/wp-json\/wp\/v2\/posts\/1478\/revisions"}],"predecessor-version":[{"id":1499,"href":"https:\/\/medecine-philosophie.com\/index.php\/wp-json\/wp\/v2\/posts\/1478\/revisions\/1499"}],"wp:attachment":[{"href":"https:\/\/medecine-philosophie.com\/index.php\/wp-json\/wp\/v2\/media?parent=1478"}],"wp:term":[{"taxonomy":"category","embeddable":true,"href":"https:\/\/medecine-philosophie.com\/index.php\/wp-json\/wp\/v2\/categories?post=1478"},{"taxonomy":"post_tag","embeddable":true,"href":"https:\/\/medecine-philosophie.com\/index.php\/wp-json\/wp\/v2\/tags?post=1478"}],"curies":[{"name":"wp","href":"https:\/\/api.w.org\/{rel}","templated":true}]}}