{"id":636,"date":"2020-01-07T10:31:51","date_gmt":"2020-01-07T09:31:51","guid":{"rendered":"http:\/\/medecine-philosophie.com\/?p=636"},"modified":"2020-01-31T16:48:04","modified_gmt":"2020-01-31T15:48:04","slug":"les-enjeux-du-developpement-des-tests-genetiques-pour-un-meilleur-exercice-de-sa-liberte","status":"publish","type":"post","link":"https:\/\/medecine-philosophie.com\/index.php\/2020\/01\/07\/les-enjeux-du-developpement-des-tests-genetiques-pour-un-meilleur-exercice-de-sa-liberte\/","title":{"rendered":"Les enjeux du de\u0301veloppement des tests ge\u0301ne\u0301tiques pour un meilleur exercice de sa liberte\u0301"},"content":{"rendered":"\n<p><strong>Laurent Pasquier<\/strong><\/p>\n\n\n\n<p>M\u00e9decin, Service de G\u00e9n\u00e9tique M\u00e9dicale, Centre R\u00e9f\u00e9rence Maladies Rares \u00ab\u00a0D\u00e9ficiences Intellectuelles\u00a0\u00bb, H\u00f4pital Sud &#8211; CHU Rennes.<\/p>\n\n\n\n<div class=\"wp-block-file\"><a class=\"wplightbox wp-block-file__button\" href=\"http:\/\/medecine-philosophie.com\/wp-content\/uploads\/2020\/01\/Pasquier.pdf\" data-width=\"1200\" data-height=\"1200\">Lire: Laurent Pasquier<\/a><a class=\"wp-block-file__button\" href=\"http:\/\/medecine-philosophie.com\/wp-content\/uploads\/2020\/01\/Pasquier.pdf\" download=\"\">T\u00e9l\u00e9charger<\/a>\n","protected":false},"excerpt":{"rendered":"<p>Laurent Pasquier M\u00e9decin, Service de G\u00e9n\u00e9tique M\u00e9dicale, Centre R\u00e9f\u00e9rence Maladies Rares \u00ab\u00a0D\u00e9ficiences Intellectuelles\u00a0\u00bb, H\u00f4pital Sud &#8211; CHU Rennes.<\/p>\n","protected":false},"author":1,"featured_media":0,"comment_status":"closed","ping_status":"open","sticky":false,"template":"","format":"standard","meta":[],"categories":[7],"tags":[],"acf":[],"yoast_head":"<!-- This site is optimized with the Yoast SEO plugin v15.9.2 - https:\/\/yoast.com\/wordpress\/plugins\/seo\/ -->\n<title>Les enjeux du de\u0301veloppement des tests ge\u0301ne\u0301tiques pour un meilleur exercice de sa liberte\u0301 - Revue M\u00e9decine et Philosophie<\/title>\n<meta name=\"robots\" content=\"index, follow, max-snippet:-1, max-image-preview:large, max-video-preview:-1\" \/>\n<link rel=\"canonical\" href=\"https:\/\/medecine-philosophie.com\/index.php\/2020\/01\/07\/les-enjeux-du-developpement-des-tests-genetiques-pour-un-meilleur-exercice-de-sa-liberte\/\" \/>\n<meta property=\"og:locale\" content=\"fr_FR\" \/>\n<meta property=\"og:type\" content=\"article\" \/>\n<meta property=\"og:title\" content=\"Les enjeux du de\u0301veloppement des tests ge\u0301ne\u0301tiques pour un meilleur exercice de sa liberte\u0301 - Revue M\u00e9decine et Philosophie\" \/>\n<meta property=\"og:description\" content=\"Laurent Pasquier M\u00e9decin, Service de G\u00e9n\u00e9tique M\u00e9dicale, Centre R\u00e9f\u00e9rence Maladies Rares \u00ab\u00a0D\u00e9ficiences Intellectuelles\u00a0\u00bb, H\u00f4pital Sud &#8211; CHU Rennes.\" \/>\n<meta property=\"og:url\" content=\"https:\/\/medecine-philosophie.com\/index.php\/2020\/01\/07\/les-enjeux-du-developpement-des-tests-genetiques-pour-un-meilleur-exercice-de-sa-liberte\/\" \/>\n<meta property=\"og:site_name\" content=\"Revue M\u00e9decine et Philosophie\" \/>\n<meta property=\"article:publisher\" content=\"https:\/\/www.facebook.com\/Revue-M%c3%a9decine-et-Philosophie-1057556234396943\/\" \/>\n<meta property=\"article:published_time\" content=\"2020-01-07T09:31:51+00:00\" \/>\n<meta property=\"article:modified_time\" content=\"2020-01-31T15:48:04+00:00\" \/>\n<meta name=\"twitter:card\" content=\"summary_large_image\" \/>\n<script type=\"application\/ld+json\" class=\"yoast-schema-graph\">{\"@context\":\"https:\/\/schema.org\",\"@graph\":[{\"@type\":\"Organization\",\"@id\":\"https:\/\/medecine-philosophie.com\/#organization\",\"name\":\"Revue M\\u00e9decine et Philosophie\",\"url\":\"https:\/\/medecine-philosophie.com\/\",\"sameAs\":[\"https:\/\/www.facebook.com\/Revue-M\\u00e9decine-et-Philosophie-1057556234396943\/\"],\"logo\":{\"@type\":\"ImageObject\",\"@id\":\"https:\/\/medecine-philosophie.com\/#logo\",\"inLanguage\":\"fr-FR\",\"url\":\"https:\/\/medecine-philosophie.com\/wp-content\/uploads\/2018\/04\/Revue-de-m\\u00e9decine-et-philosophie-pdf.jpg\",\"caption\":\"Revue M\\u00e9decine et Philosophie\"},\"image\":{\"@id\":\"https:\/\/medecine-philosophie.com\/#logo\"}},{\"@type\":\"WebSite\",\"@id\":\"https:\/\/medecine-philosophie.com\/#website\",\"url\":\"https:\/\/medecine-philosophie.com\/\",\"name\":\"Revue M\\u00e9decine et Philosophie\",\"description\":\"Revue interdisciplinaire\",\"publisher\":{\"@id\":\"https:\/\/medecine-philosophie.com\/#organization\"},\"potentialAction\":[{\"@type\":\"SearchAction\",\"target\":\"https:\/\/medecine-philosophie.com\/?s={search_term_string}\",\"query-input\":\"required name=search_term_string\"}],\"inLanguage\":\"fr-FR\"},{\"@type\":\"WebPage\",\"@id\":\"https:\/\/medecine-philosophie.com\/index.php\/2020\/01\/07\/les-enjeux-du-developpement-des-tests-genetiques-pour-un-meilleur-exercice-de-sa-liberte\/#webpage\",\"url\":\"https:\/\/medecine-philosophie.com\/index.php\/2020\/01\/07\/les-enjeux-du-developpement-des-tests-genetiques-pour-un-meilleur-exercice-de-sa-liberte\/\",\"name\":\"Les enjeux du de\\u0301veloppement des tests ge\\u0301ne\\u0301tiques pour un meilleur exercice de sa liberte\\u0301 - Revue M\\u00e9decine et Philosophie\",\"isPartOf\":{\"@id\":\"https:\/\/medecine-philosophie.com\/#website\"},\"datePublished\":\"2020-01-07T09:31:51+00:00\",\"dateModified\":\"2020-01-31T15:48:04+00:00\",\"breadcrumb\":{\"@id\":\"https:\/\/medecine-philosophie.com\/index.php\/2020\/01\/07\/les-enjeux-du-developpement-des-tests-genetiques-pour-un-meilleur-exercice-de-sa-liberte\/#breadcrumb\"},\"inLanguage\":\"fr-FR\",\"potentialAction\":[{\"@type\":\"ReadAction\",\"target\":[\"https:\/\/medecine-philosophie.com\/index.php\/2020\/01\/07\/les-enjeux-du-developpement-des-tests-genetiques-pour-un-meilleur-exercice-de-sa-liberte\/\"]}]},{\"@type\":\"BreadcrumbList\",\"@id\":\"https:\/\/medecine-philosophie.com\/index.php\/2020\/01\/07\/les-enjeux-du-developpement-des-tests-genetiques-pour-un-meilleur-exercice-de-sa-liberte\/#breadcrumb\",\"itemListElement\":[{\"@type\":\"ListItem\",\"position\":1,\"item\":{\"@type\":\"WebPage\",\"@id\":\"https:\/\/medecine-philosophie.com\/\",\"url\":\"https:\/\/medecine-philosophie.com\/\",\"name\":\"Accueil\"}},{\"@type\":\"ListItem\",\"position\":2,\"item\":{\"@type\":\"WebPage\",\"@id\":\"https:\/\/medecine-philosophie.com\/index.php\/2020\/01\/07\/les-enjeux-du-developpement-des-tests-genetiques-pour-un-meilleur-exercice-de-sa-liberte\/\",\"url\":\"https:\/\/medecine-philosophie.com\/index.php\/2020\/01\/07\/les-enjeux-du-developpement-des-tests-genetiques-pour-un-meilleur-exercice-de-sa-liberte\/\",\"name\":\"Les enjeux du de\\u0301veloppement des tests ge\\u0301ne\\u0301tiques pour un meilleur exercice de sa liberte\\u0301\"}}]},{\"@type\":\"Article\",\"@id\":\"https:\/\/medecine-philosophie.com\/index.php\/2020\/01\/07\/les-enjeux-du-developpement-des-tests-genetiques-pour-un-meilleur-exercice-de-sa-liberte\/#article\",\"isPartOf\":{\"@id\":\"https:\/\/medecine-philosophie.com\/index.php\/2020\/01\/07\/les-enjeux-du-developpement-des-tests-genetiques-pour-un-meilleur-exercice-de-sa-liberte\/#webpage\"},\"author\":{\"@id\":\"https:\/\/medecine-philosophie.com\/#\/schema\/person\/b734b2bd33e070304171c4adcaea7b7a\"},\"headline\":\"Les enjeux du de\\u0301veloppement des tests ge\\u0301ne\\u0301tiques pour un meilleur exercice de sa liberte\\u0301\",\"datePublished\":\"2020-01-07T09:31:51+00:00\",\"dateModified\":\"2020-01-31T15:48:04+00:00\",\"mainEntityOfPage\":{\"@id\":\"https:\/\/medecine-philosophie.com\/index.php\/2020\/01\/07\/les-enjeux-du-developpement-des-tests-genetiques-pour-un-meilleur-exercice-de-sa-liberte\/#webpage\"},\"publisher\":{\"@id\":\"https:\/\/medecine-philosophie.com\/#organization\"},\"articleSection\":\"G\\u00e9n\\u00e9tique et Libert\\u00e9 (2) \\u2013 2019\",\"inLanguage\":\"fr-FR\"},{\"@type\":\"Person\",\"@id\":\"https:\/\/medecine-philosophie.com\/#\/schema\/person\/b734b2bd33e070304171c4adcaea7b7a\",\"name\":\"Revue M\\u00e9decine et Philosophie\",\"image\":{\"@type\":\"ImageObject\",\"@id\":\"https:\/\/medecine-philosophie.com\/#personlogo\",\"inLanguage\":\"fr-FR\",\"url\":\"https:\/\/secure.gravatar.com\/avatar\/0dac4ab431336e697f2d96bfc519513d?s=96&d=mm&r=g\",\"caption\":\"Revue M\\u00e9decine et Philosophie\"}}]}<\/script>\n<!-- \/ Yoast SEO plugin. -->","_links":{"self":[{"href":"https:\/\/medecine-philosophie.com\/index.php\/wp-json\/wp\/v2\/posts\/636"}],"collection":[{"href":"https:\/\/medecine-philosophie.com\/index.php\/wp-json\/wp\/v2\/posts"}],"about":[{"href":"https:\/\/medecine-philosophie.com\/index.php\/wp-json\/wp\/v2\/types\/post"}],"author":[{"embeddable":true,"href":"https:\/\/medecine-philosophie.com\/index.php\/wp-json\/wp\/v2\/users\/1"}],"replies":[{"embeddable":true,"href":"https:\/\/medecine-philosophie.com\/index.php\/wp-json\/wp\/v2\/comments?post=636"}],"version-history":[{"count":5,"href":"https:\/\/medecine-philosophie.com\/index.php\/wp-json\/wp\/v2\/posts\/636\/revisions"}],"predecessor-version":[{"id":751,"href":"https:\/\/medecine-philosophie.com\/index.php\/wp-json\/wp\/v2\/posts\/636\/revisions\/751"}],"wp:attachment":[{"href":"https:\/\/medecine-philosophie.com\/index.php\/wp-json\/wp\/v2\/media?parent=636"}],"wp:term":[{"taxonomy":"category","embeddable":true,"href":"https:\/\/medecine-philosophie.com\/index.php\/wp-json\/wp\/v2\/categories?post=636"},{"taxonomy":"post_tag","embeddable":true,"href":"https:\/\/medecine-philosophie.com\/index.php\/wp-json\/wp\/v2\/tags?post=636"}],"curies":[{"name":"wp","href":"https:\/\/api.w.org\/{rel}","templated":true}]}}