{"id":809,"date":"2020-09-07T17:43:10","date_gmt":"2020-09-07T15:43:10","guid":{"rendered":"http:\/\/medecine-philosophie.com\/?p=809"},"modified":"2020-10-14T13:36:38","modified_gmt":"2020-10-14T11:36:38","slug":"le-geste-de-prendre-soin","status":"publish","type":"post","link":"https:\/\/medecine-philosophie.com\/index.php\/2020\/09\/07\/le-geste-de-prendre-soin\/","title":{"rendered":"Le geste de prendre soin"},"content":{"rendered":"\n<p><strong>Gu\u00e9rin Michel<\/strong><\/p>\n\n\n\n<p>Philosophe, professeur \u00e9m\u00e9rite d\u2019Aix-Marseille-Universit\u00e9 (AMU), membre du LESA (Laboratoire d\u2019\u00c9tudes en Sciences des Arts), membre honoraire de l\u2019Institut universitaire de France <\/p>\n\n\n<div class=\"wp-block-file\"><a class=\"wp-block-file__button\" href=\"http:\/\/medecine-philosophie.com\/wp-content\/uploads\/2020\/10\/3_Gu_rin_Gesteprendresoin-2.pdf\" download=\"\">M. Gu\u00e9rin (t\u00e9l\u00e9charger)<\/a><\/div>\n<div class=\"wp-block-file\"><a class=\"wplightbox wp-block-file__button\" href=\"http:\/\/medecine-philosophie.com\/wp-content\/uploads\/2020\/10\/3_Gu_rin_Gesteprendresoin-2.pdf\" data-width=\"1200\" data-height=\"1200\">Lire: M. Guerin<\/a><\/div>\n\n\n<p><\/p>\n","protected":false},"excerpt":{"rendered":"<p>Gu\u00e9rin Michel Philosophe, professeur \u00e9m\u00e9rite d\u2019Aix-Marseille-Universit\u00e9 (AMU), membre du LESA (Laboratoire d\u2019\u00c9tudes en Sciences des Arts), membre honoraire de l\u2019Institut universitaire de France M. Gu\u00e9rin (t\u00e9l\u00e9charger) Lire: M. Guerin<\/p>\n","protected":false},"author":1,"featured_media":0,"comment_status":"closed","ping_status":"open","sticky":false,"template":"","format":"standard","meta":[],"categories":[9],"tags":[],"acf":[],"yoast_head":"<!-- This site is optimized with the Yoast SEO plugin v15.9.2 - https:\/\/yoast.com\/wordpress\/plugins\/seo\/ -->\n<title>Le geste de prendre soin - Revue M\u00e9decine et Philosophie<\/title>\n<meta name=\"robots\" content=\"index, follow, max-snippet:-1, max-image-preview:large, max-video-preview:-1\" \/>\n<link rel=\"canonical\" href=\"https:\/\/medecine-philosophie.com\/index.php\/2020\/09\/07\/le-geste-de-prendre-soin\/\" \/>\n<meta property=\"og:locale\" content=\"fr_FR\" \/>\n<meta property=\"og:type\" content=\"article\" \/>\n<meta property=\"og:title\" content=\"Le geste de prendre soin - Revue M\u00e9decine et Philosophie\" \/>\n<meta property=\"og:description\" content=\"Gu\u00e9rin Michel Philosophe, professeur \u00e9m\u00e9rite d\u2019Aix-Marseille-Universit\u00e9 (AMU), membre du LESA (Laboratoire d\u2019\u00c9tudes en Sciences des Arts), membre honoraire de l\u2019Institut universitaire de France M. Gu\u00e9rin (t\u00e9l\u00e9charger) Lire: M. Guerin\" \/>\n<meta property=\"og:url\" content=\"https:\/\/medecine-philosophie.com\/index.php\/2020\/09\/07\/le-geste-de-prendre-soin\/\" \/>\n<meta property=\"og:site_name\" content=\"Revue M\u00e9decine et Philosophie\" \/>\n<meta property=\"article:publisher\" content=\"https:\/\/www.facebook.com\/Revue-M%c3%a9decine-et-Philosophie-1057556234396943\/\" \/>\n<meta property=\"article:published_time\" content=\"2020-09-07T15:43:10+00:00\" \/>\n<meta property=\"article:modified_time\" content=\"2020-10-14T11:36:38+00:00\" \/>\n<meta name=\"twitter:card\" content=\"summary_large_image\" \/>\n<script type=\"application\/ld+json\" class=\"yoast-schema-graph\">{\"@context\":\"https:\/\/schema.org\",\"@graph\":[{\"@type\":\"Organization\",\"@id\":\"https:\/\/medecine-philosophie.com\/#organization\",\"name\":\"Revue M\\u00e9decine et Philosophie\",\"url\":\"https:\/\/medecine-philosophie.com\/\",\"sameAs\":[\"https:\/\/www.facebook.com\/Revue-M\\u00e9decine-et-Philosophie-1057556234396943\/\"],\"logo\":{\"@type\":\"ImageObject\",\"@id\":\"https:\/\/medecine-philosophie.com\/#logo\",\"inLanguage\":\"fr-FR\",\"url\":\"https:\/\/medecine-philosophie.com\/wp-content\/uploads\/2018\/04\/Revue-de-m\\u00e9decine-et-philosophie-pdf.jpg\",\"caption\":\"Revue M\\u00e9decine et Philosophie\"},\"image\":{\"@id\":\"https:\/\/medecine-philosophie.com\/#logo\"}},{\"@type\":\"WebSite\",\"@id\":\"https:\/\/medecine-philosophie.com\/#website\",\"url\":\"https:\/\/medecine-philosophie.com\/\",\"name\":\"Revue M\\u00e9decine et Philosophie\",\"description\":\"Revue interdisciplinaire\",\"publisher\":{\"@id\":\"https:\/\/medecine-philosophie.com\/#organization\"},\"potentialAction\":[{\"@type\":\"SearchAction\",\"target\":\"https:\/\/medecine-philosophie.com\/?s={search_term_string}\",\"query-input\":\"required name=search_term_string\"}],\"inLanguage\":\"fr-FR\"},{\"@type\":\"WebPage\",\"@id\":\"https:\/\/medecine-philosophie.com\/index.php\/2020\/09\/07\/le-geste-de-prendre-soin\/#webpage\",\"url\":\"https:\/\/medecine-philosophie.com\/index.php\/2020\/09\/07\/le-geste-de-prendre-soin\/\",\"name\":\"Le geste de prendre soin - Revue M\\u00e9decine et Philosophie\",\"isPartOf\":{\"@id\":\"https:\/\/medecine-philosophie.com\/#website\"},\"datePublished\":\"2020-09-07T15:43:10+00:00\",\"dateModified\":\"2020-10-14T11:36:38+00:00\",\"breadcrumb\":{\"@id\":\"https:\/\/medecine-philosophie.com\/index.php\/2020\/09\/07\/le-geste-de-prendre-soin\/#breadcrumb\"},\"inLanguage\":\"fr-FR\",\"potentialAction\":[{\"@type\":\"ReadAction\",\"target\":[\"https:\/\/medecine-philosophie.com\/index.php\/2020\/09\/07\/le-geste-de-prendre-soin\/\"]}]},{\"@type\":\"BreadcrumbList\",\"@id\":\"https:\/\/medecine-philosophie.com\/index.php\/2020\/09\/07\/le-geste-de-prendre-soin\/#breadcrumb\",\"itemListElement\":[{\"@type\":\"ListItem\",\"position\":1,\"item\":{\"@type\":\"WebPage\",\"@id\":\"https:\/\/medecine-philosophie.com\/\",\"url\":\"https:\/\/medecine-philosophie.com\/\",\"name\":\"Accueil\"}},{\"@type\":\"ListItem\",\"position\":2,\"item\":{\"@type\":\"WebPage\",\"@id\":\"https:\/\/medecine-philosophie.com\/index.php\/2020\/09\/07\/le-geste-de-prendre-soin\/\",\"url\":\"https:\/\/medecine-philosophie.com\/index.php\/2020\/09\/07\/le-geste-de-prendre-soin\/\",\"name\":\"Le geste de prendre soin\"}}]},{\"@type\":\"Article\",\"@id\":\"https:\/\/medecine-philosophie.com\/index.php\/2020\/09\/07\/le-geste-de-prendre-soin\/#article\",\"isPartOf\":{\"@id\":\"https:\/\/medecine-philosophie.com\/index.php\/2020\/09\/07\/le-geste-de-prendre-soin\/#webpage\"},\"author\":{\"@id\":\"https:\/\/medecine-philosophie.com\/#\/schema\/person\/b734b2bd33e070304171c4adcaea7b7a\"},\"headline\":\"Le geste de prendre soin\",\"datePublished\":\"2020-09-07T15:43:10+00:00\",\"dateModified\":\"2020-10-14T11:36:38+00:00\",\"mainEntityOfPage\":{\"@id\":\"https:\/\/medecine-philosophie.com\/index.php\/2020\/09\/07\/le-geste-de-prendre-soin\/#webpage\"},\"publisher\":{\"@id\":\"https:\/\/medecine-philosophie.com\/#organization\"},\"articleSection\":\"Don, soin et reconnaissance (3) - 2020\",\"inLanguage\":\"fr-FR\"},{\"@type\":\"Person\",\"@id\":\"https:\/\/medecine-philosophie.com\/#\/schema\/person\/b734b2bd33e070304171c4adcaea7b7a\",\"name\":\"Revue M\\u00e9decine et Philosophie\",\"image\":{\"@type\":\"ImageObject\",\"@id\":\"https:\/\/medecine-philosophie.com\/#personlogo\",\"inLanguage\":\"fr-FR\",\"url\":\"https:\/\/secure.gravatar.com\/avatar\/0dac4ab431336e697f2d96bfc519513d?s=96&d=mm&r=g\",\"caption\":\"Revue M\\u00e9decine et Philosophie\"}}]}<\/script>\n<!-- \/ Yoast SEO plugin. -->","_links":{"self":[{"href":"https:\/\/medecine-philosophie.com\/index.php\/wp-json\/wp\/v2\/posts\/809"}],"collection":[{"href":"https:\/\/medecine-philosophie.com\/index.php\/wp-json\/wp\/v2\/posts"}],"about":[{"href":"https:\/\/medecine-philosophie.com\/index.php\/wp-json\/wp\/v2\/types\/post"}],"author":[{"embeddable":true,"href":"https:\/\/medecine-philosophie.com\/index.php\/wp-json\/wp\/v2\/users\/1"}],"replies":[{"embeddable":true,"href":"https:\/\/medecine-philosophie.com\/index.php\/wp-json\/wp\/v2\/comments?post=809"}],"version-history":[{"count":6,"href":"https:\/\/medecine-philosophie.com\/index.php\/wp-json\/wp\/v2\/posts\/809\/revisions"}],"predecessor-version":[{"id":1376,"href":"https:\/\/medecine-philosophie.com\/index.php\/wp-json\/wp\/v2\/posts\/809\/revisions\/1376"}],"wp:attachment":[{"href":"https:\/\/medecine-philosophie.com\/index.php\/wp-json\/wp\/v2\/media?parent=809"}],"wp:term":[{"taxonomy":"category","embeddable":true,"href":"https:\/\/medecine-philosophie.com\/index.php\/wp-json\/wp\/v2\/categories?post=809"},{"taxonomy":"post_tag","embeddable":true,"href":"https:\/\/medecine-philosophie.com\/index.php\/wp-json\/wp\/v2\/tags?post=809"}],"curies":[{"name":"wp","href":"https:\/\/api.w.org\/{rel}","templated":true}]}}